{"provider_url": "https://www.telemacoborba.pr.leg.br", "title": "Pauta da Sess\u00e3o Ordin\u00e1ria 22-10-2018", "html": "<h3 style=\"text-align: center; \"><b><br /></b></h3>\r\n<h3 style=\"text-align: center; \"><b>47\u00aa Reuni\u00e3o Ordin\u00e1ria da 53\u00aa Sess\u00e3o Legislativa da 13\u00aa Legislatura\u00a0</b></h3>\r\n<h3 style=\"text-align: center; \"><b> 22 de Outubro de 2018 (Segunda-feira)</b></h3>\r\n<h3><b><br /></b></h3>\r\n<h3><b><br /></b></h3>\r\n<h3><b>Mat\u00e9rias do Expediente</b></h3>\r\n<p style=\"text-align: justify; \"><b>1</b>\u00a0-\u00a0<a href=\"https://sapl.telemacoborba.pr.leg.br/consultas/materia/materia_mostrar_proc?cod_materia=8860\"><b>PDL 185/2018 - Projeto de Decreto Legislativo</b></a></p>\r\n<p style=\"text-align: justify; \"><b>Autor:</b>\u00a0Comiss\u00e3o de Economia, Or\u00e7amento, Finan\u00e7as e Fiscaliza\u00e7\u00e3o</p>\r\n<p style=\"text-align: justify; \">PROJETO DE DECRETO LEGISLATIVO N\u00ba 185/2018, DE INICIATIVA DA COMISS\u00c3O DE ECONOMIA, OR\u00c7AMENTO, FINAN\u00c7AS E FISCALIZA\u00c7\u00c3O, QUE \"APROVA A PRESTA\u00c7\u00c3O DE CONTAS DO MUNIC\u00cdPIO DE TEL\u00caMACO BORBA, ESTADO DO PARAN\u00c1, RELATIVA AO EXERC\u00cdCIO DE 2014\".</p>\r\n<p style=\"text-align: justify; \"><b>2</b>\u00a0-\u00a0<a href=\"https://sapl.telemacoborba.pr.leg.br/consultas/materia/materia_mostrar_proc?cod_materia=8861\"><b>PDL 186/2018 - Projeto de Decreto Legislativo</b></a><br /> <b>Autor:</b>\u00a0Comiss\u00e3o de Economia, Or\u00e7amento, Finan\u00e7as e Fiscaliza\u00e7\u00e3o</p>\r\n<p style=\"text-align: justify; \">PROJETO DE DECRETO LEGISLATIVO N\u00ba 186/2018, DE INICIATIVA DA COMISS\u00c3O DE ECONOMIA, OR\u00c7AMENTO, FINAN\u00c7AS E FISCALIZA\u00c7\u00c3O, QUE \"APROVA A PRESTA\u00c7\u00c3O DE CONTAS DO MUNIC\u00cdPIO DE TEL\u00caMACO BORBA, ESTADO DO PARAN\u00c1, RELATIVA AO EXERC\u00cdCIO DE 2015\".</p>\r\n<p style=\"text-align: justify; \">\u00a0</p>\r\n<p style=\"text-align: justify; \"><b>3</b>\u00a0-\u00a0<a href=\"https://sapl.telemacoborba.pr.leg.br/consultas/materia/materia_mostrar_proc?cod_materia=8864\"><b>PLO 46/2018 - Projeto de Lei Ordin\u00e1ria</b></a><br /> <b>Autor:</b>\u00a0Marcio Artur de Matos</p>\r\n<p style=\"text-align: justify; \">PROJETO DE LEI ORDIN\u00c1RIA N\u00ba 046/2018, DE INICIATIVA DO PODER EXECUTIVO, MENSAGEM N\u00ba 051 DE 28 DE SETEMBRO DE 2018, QUE \"ALTERA ANEXOS INTEGRANTES DA LEI N\u00ba 2231/2018 DE 10/09/2018 - LEI DE DIRETRIZES OR\u00c7AMENT\u00c1RIAS DO MUNIC\u00cdPIO DE TEL\u00caMACO BORBA PARA O EXERC\u00cdCIO DE 2019 E DA LEI N\u00ba 2193 DE 15/12/2017 - PLANO PLURIANUAL DO MUNIC\u00cdPIO, DE 2018 \u00c0 2021\".</p>\r\n<p style=\"text-align: justify; \"><b>4</b>\u00a0-\u00a0<a href=\"https://sapl.telemacoborba.pr.leg.br/consultas/materia/materia_mostrar_proc?cod_materia=8865\"><b>PLO 47/2018 - Projeto de Lei Ordin\u00e1ria</b></a><br /> <b>Autor:</b>\u00a0Marcio Artur de Matos</p>\r\n<p style=\"text-align: justify; \">PROJETO DE LEI ORDIN\u00c1RIA N\u00ba 047/2018, DE INICIATIVA DO PODER EXECUTIVO, MENSAGEM N\u00ba 052 DE 28 DE SETEMBRO DE 2018, QUE \"ESTIMA A RECEITA E FIXA A DESPESA DO MUNIC\u00cdPIO DE TEL\u00caMACO BORBA-PR, PARA O EXERC\u00cdCIO DE 2019\".</p>\r\n<p style=\"text-align: justify; \"><b>5</b>\u00a0-\u00a0<a href=\"https://sapl.telemacoborba.pr.leg.br/consultas/materia/materia_mostrar_proc?cod_materia=8866\"><b>PLO 48/2018 - Projeto de Lei Ordin\u00e1ria</b></a><br /> <b>Autor:</b>\u00a0Marcio Artur de Matos</p>\r\n<p style=\"text-align: justify; \">PROJETO DE LEI ORDIN\u00c1RIA N\u00ba 048/2018, DE INICIATIVA DO PODER EXECUTIVO, MENSAGEM N\u00ba 055 DE 17 DE OUTUBRO DE 2018, QUE \"AUTORIZA A ABERTURA DE CR\u00c9DITO ADICIONAL SUPLEMENTAR NA IMPORT\u00c2NCIA DE R$ 1.905.000,00\". (TRABALHOS DE LIMPEZA P\u00daBLICA, MANUTEN\u00c7\u00c3O DE PRA\u00c7AS E GERENCIAMENTO DE TR\u00c2NSITO)</p>\r\n<p style=\"text-align: justify; \"><b>6</b>\u00a0-\u00a0<a href=\"https://sapl.telemacoborba.pr.leg.br/consultas/materia/materia_mostrar_proc?cod_materia=8867\"><b>PLO 49/2018 - Projeto de Lei Ordin\u00e1ria</b></a><br /> <b>Autor:</b>\u00a0Marcos Rog\u00e9rio da Silva Mello</p>\r\n<p style=\"text-align: justify; \">PROJETO DE LEI ORDIN\u00c1RIA N\u00ba 049/2018, DE INICIATIVA DO VEREADOR MARCOS ROG\u00c9RIO DA SILVA MELLO, QUE \"DISP\u00d5E SOBRE MEDIDAS DE PREVEN\u00c7\u00c3O E DE COMBATE AO ASS\u00c9DIO SEXUAL DE MULHERES NOS MEIOS DE TRANSPORTE COLETIVO NO \u00c2MBITO DO MUNIC\u00cdPIO DE TEL\u00caMACO BORBA, ESTADO DO PARAN\u00c1 E D\u00c1 OUTRAS PROVID\u00caNCIAS\".</p>\r\n<p style=\"text-align: justify; \">\u00a0</p>\r\n<p style=\"text-align: justify; \"><b>7</b>\u00a0-\u00a0<a href=\"https://sapl.telemacoborba.pr.leg.br/consultas/materia/materia_mostrar_proc?cod_materia=8839\"><b>P 139/2018 - Parecer</b></a><br /> <b>Protocolo:</b>\u00a03665/2018\u00a0<br /> <b>Autor:</b>\u00a0Hamilton Aparecido Machado</p>\r\n<p style=\"text-align: justify; \">DA COMISS\u00c3O DE LEGISLA\u00c7\u00c3O, JUSTI\u00c7A E REDA\u00c7\u00c3O, PARECER AO PROJETO DE LEI COMPLEMENTAR N\u00ba 009/2018, DE INICIATIVA DO PODER EXECUTIVO, MENSAGEM N\u00ba 037 DE 20 DE JULHO DE 2018, \u201cCRIA O FUNDO MUNICIPAL DE HABITA\u00c7\u00c3O DE INTERESSE SOCIAL \u2013 FMHIS, INSTITUI O CONSELHO GESTOR DO FMHIS E D\u00c1 OUTRAS PROVID\u00caNCIAS\u201d.</p>\r\n<p style=\"text-align: justify; \">\u00a0</p>\r\n<p style=\"text-align: justify; \"><b>8</b>\u00a0-\u00a0<a href=\"https://sapl.telemacoborba.pr.leg.br/consultas/materia/materia_mostrar_proc?cod_materia=8840\"><b>P 140/2018 - Parecer</b></a><br /> <b>Protocolo:</b>\u00a03666/2018\u00a0<br /> <b>Autor:</b>\u00a0Hamilton Aparecido Machado</p>\r\n<p style=\"text-align: justify; \">DA COMISS\u00c3O DE LEGISLA\u00c7\u00c3O, JUSTI\u00c7A E REDA\u00c7\u00c3O, PARECER AO PROJETO DE LEI COMPLEMENTAR N\u00ba 010/2018, DE INICIATIVA DO PODER EXECUTIVO, MENSAGEM N\u00ba 044 DE 30 DE AGOSTO DE 2018, QUE \"ACRESCENTA O PAR\u00c1GRAFO \u00daNICO NO ARTIGO 2\u00ba DA LEI COMPLEMENTAR N\u00ba 036, DE 06 DE JUNHO DE 2018\".</p>\r\n<p style=\"text-align: justify; \">\u00a0</p>\r\n<p style=\"text-align: justify; \"><b>9</b>\u00a0-\u00a0<a href=\"https://sapl.telemacoborba.pr.leg.br/consultas/materia/materia_mostrar_proc?cod_materia=8843\"><b>P 141/2018 - Parecer</b></a><br /> <b>Protocolo:</b>\u00a03667/2018\u00a0<br /> <b>Autor:</b>\u00a0Hamilton Aparecido Machado</p>\r\n<p style=\"text-align: justify; \">DA COMISS\u00c3O DE LEGISLA\u00c7\u00c3O, JUSTI\u00c7A E REDA\u00c7\u00c3O, PARECER AO PROJETO DE LEI COMPLEMENTAR N\u00ba 011/2018, DE INICIATIVA DO PODER EXECUTIVO, MENSAGEM N\u00ba 047 DE 11 DE SETEMBRO DE 2018, QUE \"FAZ ALTERA\u00c7\u00d5ES NA REDA\u00c7\u00c3O DO ART. 15 DA LEI 968 DE 26 DE NOVEMBRO DE 1993, ALTERADO PELO ARTIGO 2\u00ba DA LEI 1386 DE 11 DE JUNHO DE 2003 E REVOGA O ART. 121 DA LEI 968/1993, ALTERADO PELO ARTIGO 3\u00ba DA LEI 1386/2003\".</p>\r\n<p style=\"text-align: justify; \">\u00a0</p>\r\n<p style=\"text-align: justify; \"><b>10</b>\u00a0-\u00a0<a href=\"https://sapl.telemacoborba.pr.leg.br/consultas/materia/materia_mostrar_proc?cod_materia=8844\"><b>P 142/2018 - Parecer</b></a><br /> <b>Protocolo:</b>\u00a03638/2018\u00a0<br /> <b>Autor:</b>\u00a0Hamilton Aparecido Machado</p>\r\n<p style=\"text-align: justify; \">DA COMISS\u00c3O DE LEGISLA\u00c7\u00c3O, JUSTI\u00c7A E REDA\u00c7\u00c3O, PARECER AO PROJETO DE LEI ORDIN\u00c1RIA N\u00ba 021/2018, DE INICIATIVA DO PODER EXECUTIVO, MENSAGEM N\u00ba 023 DE 30 DE MAIO DE 2018, QUE \"ESTABELECE PARA O MUNIC\u00cdPIO DE TEL\u00caMACO BORBA, ESTADO DO PARAN\u00c1, OS CRIT\u00c9RIOS DE ESCOLHA MEDIANTE CONSULTA \u00c0 COMUNIDADE ESCOLAR PARA A DESIGNA\u00c7\u00c3O DOS DIRETORES DOS ESTABELECIMENTOS DA REDE MUNICIPAL DE ENSINO\".</p>\r\n<p style=\"text-align: justify; \">\u00a0</p>\r\n<p style=\"text-align: justify; \"><b>11</b>\u00a0-\u00a0<a href=\"https://sapl.telemacoborba.pr.leg.br/consultas/materia/materia_mostrar_proc?cod_materia=8847\"><b>P 143/2018 - Parecer</b></a><br /> <b>Protocolo:</b>\u00a03668/2018\u00a0<br /> <b>Autor:</b>\u00a0Hamilton Aparecido Machado</p>\r\n<p style=\"text-align: justify; \">DA COMISS\u00c3O DE LEGISLA\u00c7\u00c3O, JUSTI\u00c7A E REDA\u00c7\u00c3O, PARECER AO PROJETO DE LEI ORDIN\u00c1RIA N\u00ba 040/2018, DE INICIATIVA DO PODER EXECUTIVO, MENSAGEM N\u00ba 046 DE 05 DE SETEMBRO DE 2018, QUE \"AUTORIZA A ABERTURA DE CR\u00c9DITO ADICIONAL SUPLEMENTAR NA IMPORT\u00c2NCIA DE R$ 154.073,45\".</p>\r\n<p style=\"text-align: justify; \">\u00a0</p>\r\n<p style=\"text-align: justify; \"><b>12</b>\u00a0-\u00a0<a href=\"https://sapl.telemacoborba.pr.leg.br/consultas/materia/materia_mostrar_proc?cod_materia=8868\"><b>P 150/2018 - Parecer</b></a><br /> <b>Protocolo:</b>\u00a03679/2018\u00a0<br /> <b>Autor:</b>\u00a0Hamilton Aparecido Machado</p>\r\n<p style=\"text-align: justify; \">DA COMISS\u00c3O DE LEGISLA\u00c7\u00c3O, JUSTI\u00c7A E REDA\u00c7\u00c3O, PARECER AO PROJETO DE LEI ORDIN\u00c1RIA N\u00ba 045/2018, DE INICIATIVA DO PODER EXECUTIVO, MENSAGEM N\u00ba 054 DE 05 DE OUTUBRO DE 2018, QUE \"AUTORIZA A ABERTURA DE CR\u00c9DITO ADICIONAL SUPLEMENTAR NA IMPORT\u00c2NCIA DE R$ 694.290,00\".</p>\r\n<p style=\"text-align: justify; \">\u00a0</p>\r\n<p style=\"text-align: justify; \"><b>13</b>\u00a0-\u00a0<a href=\"https://sapl.telemacoborba.pr.leg.br/consultas/materia/materia_mostrar_proc?cod_materia=8849\"><b>P 144/2018 - Parecer</b></a><br /> <b>Protocolo:</b>\u00a03675/2018\u00a0<br /> <b>Autor:</b>\u00a0Mario Cesar Marcondes</p>\r\n<p style=\"text-align: justify; \">DA COMISS\u00c3O DE ECONOMIA, OR\u00c7AMENTO, FINAN\u00c7AS E FISCALIZA\u00c7\u00c3O, PARECER AO PROJETO DE LEI COMPLEMENTAR N\u00ba 009/2018, DE INICIATIVA DO PODER EXECUTIVO, MENSAGEM N\u00ba 037 DE 20 DE JULHO DE 2018, \u201cCRIA O FUNDO MUNICIPAL DE HABITA\u00c7\u00c3O DE INTERESSE SOCIAL \u2013 FMHIS, INSTITUI O CONSELHO GESTOR DO FMHIS E D\u00c1 OUTRAS PROVID\u00caNCIAS\u201d.</p>\r\n<p style=\"text-align: justify; \">\u00a0</p>\r\n<p style=\"text-align: justify; \"><b>14</b>\u00a0-\u00a0<a href=\"https://sapl.telemacoborba.pr.leg.br/consultas/materia/materia_mostrar_proc?cod_materia=8850\"><b>P 145/2018 - Parecer</b></a><br /> <b>Protocolo:</b>\u00a03609/2018\u00a0<br /> <b>Autor:</b>\u00a0Mario Cesar Marcondes</p>\r\n<p style=\"text-align: justify; \">DA COMISS\u00c3O DE ECONOMIA, OR\u00c7AMENTO, FINAN\u00c7AS E FISCALIZA\u00c7\u00c3O, PARECER AO PROJETO DE LEI COMPLEMENTAR N\u00ba 011/2018, DE INICIATIVA DO PODER EXECUTIVO, MENSAGEM N\u00ba 047 DE 11 DE SETEMBRO DE 2018, QUE \"FAZ ALTERA\u00c7\u00d5ES NA REDA\u00c7\u00c3O DO ART. 15 DA LEI 968 DE 26 DE NOVEMBRO DE 1993, ALTERADO PELO ARTIGO 2\u00ba DA LEI 1386 DE 11 DE JUNHO DE 2003 E REVOGA O ART. 121 DA LEI 968/1993, ALTERADO PELO ARTIGO 3\u00ba DA LEI 1386/2003\".</p>\r\n<p style=\"text-align: justify; \">\u00a0</p>\r\n<p style=\"text-align: justify; \"><b>15</b>\u00a0-\u00a0<a href=\"https://sapl.telemacoborba.pr.leg.br/consultas/materia/materia_mostrar_proc?cod_materia=8852\"><b>P 146/2018 - Parecer</b></a><br /> <b>Protocolo:</b>\u00a03608/2018\u00a0<br /> <b>Autor:</b>\u00a0Mario Cesar Marcondes</p>\r\n<p style=\"text-align: justify; \">DA COMISS\u00c3O DE ECONOMIA, OR\u00c7AMENTO, FINAN\u00c7AS E FISCALIZA\u00c7\u00c3O, PARECER AO PROJETO DE LEI ORDIN\u00c1RIA N\u00ba 040/2018, DE INICIATIVA DO PODER EXECUTIVO, MENSAGEM N\u00ba 046 DE 05 DE SETEMBRO DE 2018, QUE \"AUTORIZA A ABERTURA DE CR\u00c9DITO ADICIONAL SUPLEMENTAR NA IMPORT\u00c2NCIA DE R$ 154.073,45\".</p>\r\n<p style=\"text-align: justify; \">\u00a0</p>\r\n<p style=\"text-align: justify; \"><b>16</b>\u00a0-\u00a0<a href=\"https://sapl.telemacoborba.pr.leg.br/consultas/materia/materia_mostrar_proc?cod_materia=8869\"><b>P 151/2018 - Parecer</b></a><br /> <b>Protocolo:</b>\u00a03676/2018\u00a0<br /> <b>Autor:</b>\u00a0Mario Cesar Marcondes</p>\r\n<p style=\"text-align: justify; \">DA COMISS\u00c3O DE ECONOMIA, OR\u00c7AMENTO, FINAN\u00c7AS E FISCALIZA\u00c7\u00c3O, PARECER AO PROJETO DE LEI ORDIN\u00c1RIA N\u00ba 045/2018, DE INICIATIVA DO PODER EXECUTIVO, MENSAGEM N\u00ba 054 DE 05 DE OUTUBRO DE 2018, QUE \"AUTORIZA A ABERTURA DE CR\u00c9DITO ADICIONAL SUPLEMENTAR NA IMPORT\u00c2NCIA DE R$ 694.290,00\".</p>\r\n<p style=\"text-align: justify; \">\u00a0</p>\r\n<p style=\"text-align: justify; \"><b>17</b>\u00a0-\u00a0<a href=\"https://sapl.telemacoborba.pr.leg.br/consultas/materia/materia_mostrar_proc?cod_materia=8853\"><b>P 147/2018 - Parecer</b></a><br /> <b>Protocolo:</b>\u00a03531/2018\u00a0<br /> <b>Autor:</b>\u00a0Gilson Pereira dos Santos</p>\r\n<p style=\"text-align: justify; \">DA COMISS\u00c3O DE EDUCA\u00c7\u00c3O, CULTURA, BEM ESTAR SOCIAL E ECOLOGIA, PARECER AO PROJETO DE LEI COMPLEMENTAR N\u00ba 010/2018, DE INICIATIVA DO PODER EXECUTIVO, MENSAGEM N\u00ba 044 DE 30 DE AGOSTO DE 2018, QUE \"ACRESCENTA O PAR\u00c1GRAFO \u00daNICO NO ARTIGO 2\u00ba DA LEI COMPLEMENTAR N\u00ba 036, DE 06 DE JUNHO DE 2018\".</p>\r\n<p style=\"text-align: justify; \">\u00a0</p>\r\n<p style=\"text-align: justify; \"><b>18</b>\u00a0-\u00a0<a href=\"https://sapl.telemacoborba.pr.leg.br/consultas/materia/materia_mostrar_proc?cod_materia=8856\"><b>P 148/2018 - Parecer</b></a><br /> <b>Protocolo:</b>\u00a03674/2018\u00a0<br /> <b>Autor:</b>\u00a0Gilson Pereira dos Santos</p>\r\n<p style=\"text-align: justify; \">DA COMISS\u00c3O DE EDUCA\u00c7\u00c3O, CULTURA, BEM ESTAR SOCIAL E ECOLOGIA, PARECER AO PROJETO DE LEI ORDIN\u00c1RIA N\u00ba 021/2018, DE INICIATIVA DO PODER EXECUTIVO, MENSAGEM N\u00ba 023 DE 30 DE MAIO DE 2018, QUE \"ESTABELECE PARA O MUNIC\u00cdPIO DE TEL\u00caMACO BORBA, ESTADO DO PARAN\u00c1, OS CRIT\u00c9RIOS DE ESCOLHA MEDIANTE CONSULTA \u00c0 COMUNIDADE ESCOLAR PARA A DESIGNA\u00c7\u00c3O DOS DIRETORES DOS ESTABELECIMENTOS DA REDE MUNICIPAL DE ENSINO\".</p>\r\n<p style=\"text-align: justify; \">\u00a0</p>\r\n<p style=\"text-align: justify; \"><b>19</b>\u00a0-\u00a0<a href=\"https://sapl.telemacoborba.pr.leg.br/consultas/materia/materia_mostrar_proc?cod_materia=8858\"><b>P 149/2018 - Parecer</b></a><br /> <b>Protocolo:</b>\u00a03604/2018\u00a0<br /> <b>Autor:</b>\u00a0Gilson Pereira dos Santos</p>\r\n<p style=\"text-align: justify; \">DA COMISS\u00c3O DE EDUCA\u00c7\u00c3O, CULTURA, BEM ESTAR SOCIAL E ECOLOGIA, PARECER AO PROJETO DE LEI ORDIN\u00c1RIA N\u00ba 040/2018, DE INICIATIVA DO PODER EXECUTIVO, MENSAGEM N\u00ba 046 DE 05 DE SETEMBRO DE 2018, QUE \"AUTORIZA A ABERTURA DE CR\u00c9DITO ADICIONAL SUPLEMENTAR NA IMPORT\u00c2NCIA DE R$ 154.073,45\".</p>\r\n<p style=\"text-align: justify; \">\u00a0</p>\r\n<p style=\"text-align: justify; \"><b>20</b>\u00a0-\u00a0<a href=\"https://sapl.telemacoborba.pr.leg.br/consultas/materia/materia_mostrar_proc?cod_materia=8870\"><b>P 152/2018 - Parecer</b></a><br /> <b>Protocolo:</b>\u00a03671/2018\u00a0<br /> <b>Autor:</b>\u00a0Gilson Pereira dos Santos</p>\r\n<p style=\"text-align: justify; \">DA COMISS\u00c3O DE EDUCA\u00c7\u00c3O, CULTURA, BEM ESTAR SOCIAL E ECOLOGIA, PARECER AO PROJETO DE LEI ORDIN\u00c1RIA N\u00ba 045/2018, DE INICIATIVA DO PODER EXECUTIVO, MENSAGEM N\u00ba 054 DE 05 DE OUTUBRO DE 2018, QUE \"AUTORIZA A ABERTURA DE CR\u00c9DITO ADICIONAL SUPLEMENTAR NA IMPORT\u00c2NCIA DE R$ 694.290,00\".</p>\r\n<p style=\"text-align: justify; \">\u00a0</p>\r\n<p style=\"text-align: justify; \"><b>21</b>\u00a0-\u00a0<a href=\"https://sapl.telemacoborba.pr.leg.br/consultas/materia/materia_mostrar_proc?cod_materia=8826\"><b>IND 876/2018 - Indica\u00e7\u00e3o</b></a><br /> <b>Protocolo:</b>\u00a03645/2018\u00a0<br /> <b>Autor:</b>\u00a0Mario Cesar Marcondes</p>\r\n<p style=\"text-align: justify; \">\u201cINDICA AO SENHOR PREFEITO PARA QUE JUNTO AO \u00d3RG\u00c3O COMPETENTE REALIZE A RETIRADA DE UM POSTE SEM UTILIDADE QUE SE ENCONTRA NO MEIO DA CAL\u00c7ADA NA RUA MANOEL SIME\u00c3O DE SOUZA \u2013 BAIRRO BOM JESUS\u201d.</p>\r\n<p style=\"text-align: justify; \">\u00a0</p>\r\n<p style=\"text-align: justify; \"><b>22</b>\u00a0-\u00a0<a href=\"https://sapl.telemacoborba.pr.leg.br/consultas/materia/materia_mostrar_proc?cod_materia=8830\"><b>IND 877/2018 - Indica\u00e7\u00e3o</b></a><br /> <b>Protocolo:</b>\u00a03652/2018\u00a0<br /> <b>Autor:</b>\u00a0Mario Cesar Marcondes</p>\r\n<p style=\"text-align: justify; \">\u201cINDICA AO SENHOR PREFEITO PARA QUE SEJA RECOLOCADA A PLACA DE IDENTIFICATIVA COM O NOME E CEP DA RUA MANOEL SIME\u00c3O DE SOUZA \u2013 BAIRRO BOM JESUS\u201d.</p>\r\n<p style=\"text-align: justify; \">\u00a0</p>\r\n<p style=\"text-align: justify; \"><b>23</b>\u00a0-\u00a0<a href=\"https://sapl.telemacoborba.pr.leg.br/consultas/materia/materia_mostrar_proc?cod_materia=8832\"><b>IND 878/2018 - Indica\u00e7\u00e3o</b></a><br /> <b>Protocolo:</b>\u00a03653/2018\u00a0<br /> <b>Autor:</b>\u00a0Mario Cesar Marcondes</p>\r\n<p style=\"text-align: justify; \">\u201cINDICA AO SENHOR PREFEITO PARA QUE JUNTO AO \u00d3RG\u00c3O COMPETENTE REALIZE COLOCA\u00c7\u00c3O DA TAMPA DO BUEIRO EM FRENTE AO PORT\u00c3O DA IGREJA NOSSA SENHORA DO ROS\u00c1RIO RUA NOGUEIRA \u2013 JARDIM FLORESTAL\u201d.</p>\r\n<p style=\"text-align: justify; \">\u00a0</p>\r\n<p style=\"text-align: justify; \"><b>24</b>\u00a0-\u00a0<a href=\"https://sapl.telemacoborba.pr.leg.br/consultas/materia/materia_mostrar_proc?cod_materia=8833\"><b>IND 879/2018 - Indica\u00e7\u00e3o</b></a><br /> <b>Protocolo:</b>\u00a03654/2018\u00a0<br /> <b>Autor:</b>\u00a0Mario Cesar Marcondes</p>\r\n<p style=\"text-align: justify; \">\u201cINDICA AO SENHOR PREFEITO PARA QUE SEJA INSTALADA UMA LOMBADA NA RUA GARCIA RODRIGUES PAES, EM FRENTE AO 343 \u2013 JARDIM BANDEIRANTES\u201d.</p>\r\n<p style=\"text-align: justify; \">\u00a0</p>\r\n<p style=\"text-align: justify; \"><b>25</b>\u00a0-\u00a0<a href=\"https://sapl.telemacoborba.pr.leg.br/consultas/materia/materia_mostrar_proc?cod_materia=8828\"><b>IND 880/2018 - Indica\u00e7\u00e3o</b></a><br /> <b>Protocolo:</b>\u00a03630/2018\u00a0<br /> <b>Autor:</b>\u00a0Elisangela Rezende Saldivar</p>\r\n<p style=\"text-align: justify; \">\"INDICA AO SENHOR PREFEITO QUE SOLICITE AO SETOR COMPETENTE, A IMEDIATA COLETA DE LIXO \u00c0 RUA SANTO AGOSTINHO- \u00c1REA 03, POIS O CAMINH\u00c3O DE LIXO N\u00c3O REALIZA A DEVIDA COLETA\u201d.</p>\r\n<p style=\"text-align: justify; \">\u00a0</p>\r\n<p style=\"text-align: justify; \"><b>26</b>\u00a0-\u00a0<a href=\"https://sapl.telemacoborba.pr.leg.br/consultas/materia/materia_mostrar_proc?cod_materia=8834\"><b>IND 881/2018 - Indica\u00e7\u00e3o</b></a><br /> <b>Protocolo:</b>\u00a03634/2018\u00a0<br /> <b>Autor:</b>\u00a0Elisangela Rezende Saldivar</p>\r\n<p style=\"text-align: justify; \">\"INDICA AO SENHOR PREFEITO QUE SEJA ESTUDADO A POSSIBILIDADE DE INSTALA\u00c7\u00c3O DE UMA MINI ARENA ESPORTIVA NO BAIRRO NA VILA RURAL BRILHO DO SOL\u201d.</p>\r\n<p style=\"text-align: justify; \">\u00a0</p>\r\n<p style=\"text-align: justify; \"><b>27</b>\u00a0-\u00a0<a href=\"https://sapl.telemacoborba.pr.leg.br/consultas/materia/materia_mostrar_proc?cod_materia=8836\"><b>IND 882/2018 - Indica\u00e7\u00e3o</b></a><br /> <b>Protocolo:</b>\u00a03643/2018\u00a0<br /> <b>Autor:</b>\u00a0Elisangela Rezende Saldivar</p>\r\n<p style=\"text-align: justify; \">\"INDICA AO SENHOR PREFEITO QUE SEJA ESTUDADO A POSSIBILIDADE DE CONSTRUIR UM ACESSO AOS CADEIRANTES NA RUA MARECHAL DEODORO DA FONSECA, PR\u00d3XIMO AO VERONA 03\u201d.</p>\r\n<p style=\"text-align: justify; \">\u00a0</p>\r\n<p style=\"text-align: justify; \"><b>28</b>\u00a0-\u00a0<a href=\"https://sapl.telemacoborba.pr.leg.br/consultas/materia/materia_mostrar_proc?cod_materia=8835\"><b>IND 883/2018 - Indica\u00e7\u00e3o</b></a><br /> <b>Protocolo:</b>\u00a03646/2018\u00a0<br /> <b>Autor:</b>\u00a0\u00c9lio Cezar Alves dos Santos</p>\r\n<p style=\"text-align: justify; \">\u201cINDICA AO SENHOR PREFEITO QUE DETERMINE AOS \u00d3RG\u00c3OS COMPETENTES DA MUNICIPALIDADE, COLOCAR COBERTURA DE PONTO DE \u00d4NIBUS NA AVENIDA JURUTA\u00cd QUADRA 28, LOTE 22 BAIRRO \u00c1REA 6\".</p>\r\n<p style=\"text-align: justify; \">\u00a0</p>\r\n<p style=\"text-align: justify; \"><b>29</b>\u00a0-\u00a0<a href=\"https://sapl.telemacoborba.pr.leg.br/consultas/materia/materia_mostrar_proc?cod_materia=8837\"><b>IND 884/2018 - Indica\u00e7\u00e3o</b></a><br /> <b>Protocolo:</b>\u00a03644/2018\u00a0<br /> <b>Autor:</b>\u00a0\u00c9lio Cezar Alves dos Santos</p>\r\n<p style=\"text-align: justify; \">\u201cINDICA AO SENHOR PREFEITO QUE DETERMINE AOS \u00d3RG\u00c3OS COMPETENTES DA MUNICIPALIDADE, COLOCAR REDUTOR DE VELOCIDADE TIPO LOMBADA, NA RUA PERNAMBUCO PR\u00d3XIMO AO N\u00ba 108, BAIRRO N.S. DE F\u00c1TIMA\".</p>\r\n<p style=\"text-align: justify; \">\u00a0</p>\r\n<p style=\"text-align: justify; \"><b>30</b>\u00a0-\u00a0<a href=\"https://sapl.telemacoborba.pr.leg.br/consultas/materia/materia_mostrar_proc?cod_materia=8838\"><b>IND 885/2018 - Indica\u00e7\u00e3o</b></a><br /> <b>Protocolo:</b>\u00a03637/2018\u00a0<br /> <b>Autor:</b>\u00a0Marcos Rog\u00e9rio da Silva Mello</p>\r\n<p style=\"text-align: justify; \">\u201cINDICA AO SENHOR PREFEITO QUE DETERMINE AO \u00d3RG\u00c3O COMPETENTE QUE EFETUE A RO\u00c7ADA E LIMPEZA NA RUA ARAPOTI, MAIS PRECISAMENTE EM FRENTE AO NUMERO 122, BAIRRO JARDIM KROLL, ONDE O MATO ESTA INVADINDO A RUA, DIFICULTANDO AT\u00c9 O ACESSO DE ENTREGA DE CORRESPOND\u00caNCIAS\".</p>\r\n<p style=\"text-align: justify; \">\u00a0</p>\r\n<p style=\"text-align: justify; \"><b>31</b>\u00a0-\u00a0<a href=\"https://sapl.telemacoborba.pr.leg.br/consultas/materia/materia_mostrar_proc?cod_materia=8841\"><b>IND 886/2018 - Indica\u00e7\u00e3o</b></a><br /> <b>Protocolo:</b>\u00a03635/2018\u00a0<br /> <b>Autor:</b>\u00a0Marcos Rog\u00e9rio da Silva Mello</p>\r\n<p style=\"text-align: justify; \">\u201cINDICA AO SENHOR PREFEITO QUE DETERMINE AO \u00d3RG\u00c3O COMPETENTE QUE EFETUE A INSTALA\u00c7\u00c3O DE UM PONTO DE \u00d4NIBUS QUE FIQUE PR\u00d3XIMO AS DEPEND\u00caNCIAS DO CCI, AVENIDA PREFEITO CACILDO BATISTA ARPELAU, BAIRRO CENTRO, (CENTRO DE CONVENI\u00caNCIA DO IDOSO)\".</p>\r\n<p style=\"text-align: justify; \">\u00a0</p>\r\n<p style=\"text-align: justify; \"><b>32</b>\u00a0-\u00a0<a href=\"https://sapl.telemacoborba.pr.leg.br/consultas/materia/materia_mostrar_proc?cod_materia=8842\"><b>IND 887/2018 - Indica\u00e7\u00e3o</b></a><br /> <b>Protocolo:</b>\u00a03657/2018\u00a0<br /> <b>Autor:</b>\u00a0Antonio Marco de Almeida</p>\r\n<p style=\"text-align: justify; \">\"INDICA AO SENHOR PREFEITO QUE DETERMINE AO SETOR COMPETENTE A EXECU\u00c7\u00c3O DE UM REDUTOR DE VELOCIDADE NAS PROXIMIDADES DA EMPRESA ECOMAD, NO DISTRITO INDUSTRIAL (PISTA MARGINAL \u2013 PR 160)\u201d.</p>\r\n<p style=\"text-align: justify; \"><b>33</b>\u00a0-\u00a0<a href=\"https://sapl.telemacoborba.pr.leg.br/consultas/materia/materia_mostrar_proc?cod_materia=8845\"><b>IND 888/2018 - Indica\u00e7\u00e3o</b></a><br /> <b>Protocolo:</b>\u00a03658/2018\u00a0<br /> <b>Autor:</b>\u00a0Antonio Marco de Almeida</p>\r\n<p style=\"text-align: justify; \">\"INDICA AO SENHOR PREFEITO QUE DETERMINE AO SETOR COMPETENTE QUE EFETUE ESTUDO JUNTO A EMPRESA RESPONS\u00c1VEL PELO TRANSPORTE PUBLICO, PARA QUE A ROTA DO \u00d4NIBUS (CIRCULAR) ADENTRE NO BAIRRO S\u00c3O FELIX/S\u00c3O RAFAEL, PASSANDO PELAS RUAS GUARAPUAVA E CASCAVEL, DESCENDO PELA ESTRADA DA FAZENDA\u201d.</p>\r\n<p style=\"text-align: justify; \"><b>34</b>\u00a0-\u00a0<a href=\"https://sapl.telemacoborba.pr.leg.br/consultas/materia/materia_mostrar_proc?cod_materia=8851\"><b>IND 889/2018 - Indica\u00e7\u00e3o</b></a><br /> <b>Protocolo:</b>\u00a03660/2018\u00a0<br /> <b>Autor:</b>\u00a0Antonio Marco de Almeida</p>\r\n<p style=\"text-align: justify; \">\"INDICA AO SENHOR PREFEITO QUE DETERMINE AO SETOR COMPETENTE A RECUPERA\u00c7\u00c3O DA PAVIMENTA\u00c7\u00c3O DE ENTRADA DOS VE\u00cdCULOS AO ESTACIONAMENTO DO POSTO DE SA\u00daDE DO CAIC, A QUAL EST\u00c1 EM SITUA\u00c7\u00c3O PREC\u00c1RIA (COM BURACOS), OCORRENDO INCLUSIVE AC\u00daMULO DE \u00c1GUA EM DIAS CHUVOSOS, NECESSITANDO TAMB\u00c9M DE UM SISTEMA EFICIENTE DE ESCOAMENTO\u201d.</p>\r\n<p style=\"text-align: justify; \">\u00a0</p>\r\n<p style=\"text-align: justify; \"><b>35</b>\u00a0-\u00a0<a href=\"https://sapl.telemacoborba.pr.leg.br/consultas/materia/materia_mostrar_proc?cod_materia=8855\"><b>IND 890/2018 - Indica\u00e7\u00e3o</b></a><br /> <b>Protocolo:</b>\u00a03661/2018\u00a0<br /> <b>Autor:</b>\u00a0Antonio Marco de Almeida</p>\r\n<p style=\"text-align: justify; \">\"INDICA AO SENHOR PREFEITO QUE DETERMINE AO SETOR COMPETENTE PARA QUE SEJAM SUBSTITU\u00cdDAS AS L\u00c2MPADAS QUEIMADAS DA RUA RIO NILO, NO BAIRRO RIO ALEGRE\u201d.</p>\r\n<p style=\"text-align: justify; \">\u00a0</p>\r\n<p style=\"text-align: justify; \"><b>36</b>\u00a0-\u00a0<a href=\"https://sapl.telemacoborba.pr.leg.br/consultas/materia/materia_mostrar_proc?cod_materia=8857\"><b>IND 891/2018 - Indica\u00e7\u00e3o</b></a><br /> <b>Protocolo:</b>\u00a03662/2018\u00a0<br /> <b>Autor:</b>\u00a0Antonio Marco de Almeida</p>\r\n<p style=\"text-align: justify; \">\"INDICA AO SENHOR PREFEITO QUE DETERMINE AO SETOR COMPETENTE PARA QUE REALIZE LIMPEZA NAS CAL\u00c7ADAS DA RUA JO\u00c3O MARTINS DE OLIVEIRA, NO BAIRRO S\u00c3O RAFAEL/ S\u00c3O FELIX, EM ESPECIAL EM FRENTE AOS TERRENOS BALDIOS\u201d.</p>\r\n<p style=\"text-align: justify; \">\u00a0</p>\r\n<p style=\"text-align: justify; \"><b>37</b>\u00a0-\u00a0<a href=\"https://sapl.telemacoborba.pr.leg.br/consultas/materia/materia_mostrar_proc?cod_materia=8859\"><b>IND 892/2018 - Indica\u00e7\u00e3o</b></a><br /> <b>Protocolo:</b>\u00a03663/2018\u00a0<br /> <b>Autor:</b>\u00a0Antonio Marco de Almeida</p>\r\n<p style=\"text-align: justify; \">\"INDICA AO SENHOR PREFEITO QUE DETERMINE AO SETOR COMPETENTE QUE NOTIFIQUE OS RESPONS\u00c1VEIS PELO LOTEAMENTO JARDIM ARGENTINA, \u00c0 FIM DE QUE OS MESMOS FA\u00c7AM A COLOCA\u00c7\u00c3O DE GRELHAS NAS MAIS DIVERSAS BOCAS DE LOBO LOCALIZADAS NAS RUAS DAQUELE EMPREENDIMENTO\u201d.</p>\r\n<p style=\"text-align: justify; \">\u00a0</p>\r\n<p style=\"text-align: justify; \"><b>38</b>\u00a0-\u00a0<a href=\"https://sapl.telemacoborba.pr.leg.br/consultas/materia/materia_mostrar_proc?cod_materia=8846\"><b>IND 893/2018 - Indica\u00e7\u00e3o</b></a><br /> <b>Protocolo:</b>\u00a03647/2018\u00a0<br /> <b>Autor:</b>\u00a0An\u00e9zio Aparecido Maia</p>\r\n<p style=\"text-align: justify; \">\u201cINDICA AO SENHOR PREFEITO. QUE DETERMINE AOS \u00d3RG\u00c3OS COMPETENTES DA MUNICIPALIDADE QUE EFETUE LIMPEZA DE BUEIROS NA RUA JOS\u00c9 LACERDA \u00c1REA DOIS\u201d.</p>\r\n<p style=\"text-align: justify; \"><b>39</b>\u00a0-\u00a0<a href=\"https://sapl.telemacoborba.pr.leg.br/consultas/materia/materia_mostrar_proc?cod_materia=8848\"><b>IND 894/2018 - Indica\u00e7\u00e3o</b></a><br /> <b>Protocolo:</b>\u00a03650/2018\u00a0<br /> <b>Autor:</b>\u00a0An\u00e9zio Aparecido Maia</p>\r\n<p style=\"text-align: justify; \">\u201cINDICA AO SENHOR PREFEITO QUE DETERMINE AOS \u00d3RG\u00c3OS COMPETENTES DA MUNICIPALIDADE, QUE EFETUE ESTUDO PARA CONSTRU\u00c7\u00c3O DE BUEIROS NA EXTENS\u00c3O DA RUA ARAPOTI \u00c1REA DOIS\u201d.</p>\r\n<p style=\"text-align: justify; \">\u00a0</p>\r\n<p style=\"text-align: justify; \"><b>40</b>\u00a0-\u00a0<a href=\"https://sapl.telemacoborba.pr.leg.br/consultas/materia/materia_mostrar_proc?cod_materia=8854\"><b>IND 895/2018 - Indica\u00e7\u00e3o</b></a><br /> <b>Protocolo:</b>\u00a03651/2018\u00a0<br /> <b>Autor:</b>\u00a0An\u00e9zio Aparecido Maia</p>\r\n<p style=\"text-align: justify; \">\u201cINDICA AO SENHOR PREFEITO QUE DETERMINE AOS \u00d3RG\u00c3OS COMPETENTES DA MUNICIPALIDADE, A COLOCA\u00c7\u00c3O DE UMA COBERTURA E ASSENTO PARA ACOMODAR PASSAGEIROS QUE UTILIZA\u00c7\u00c3O \u00d4NIBUS DA VINSA, NA RUA CARMO DA MATA, PR\u00d3XIMO AO NUMERO 16 NO BAIRRO JARDIM IT\u00c1LIA\u201d.</p>\r\n<p style=\"text-align: justify; \">\u00a0</p>\r\n<p style=\"text-align: justify; \"><b>41</b>\u00a0-\u00a0<a href=\"https://sapl.telemacoborba.pr.leg.br/consultas/materia/materia_mostrar_proc?cod_materia=8862\"><b>IND 896/2018 - Indica\u00e7\u00e3o</b></a><br /> <b>Protocolo:</b>\u00a03655/2018\u00a0<br /> <b>Autor:</b>\u00a0Renato Bahena</p>\r\n<p style=\"text-align: justify; \">\"INDICA AO SENHOR PREFEITO PARA QUE DETERMINE AOS \u00d3RG\u00c3OS COMPETENTES DA MUNICIPALIDADE QUE EFETUEM PODA EM \u00c1RVORES NA RUA ARGENTINA, BAIRRO JARDIM MONTE CARLO.\"</p>\r\n<p style=\"text-align: justify; \">\u00a0</p>\r\n<p style=\"text-align: justify; \"><b>42</b>\u00a0-\u00a0<a href=\"https://sapl.telemacoborba.pr.leg.br/consultas/materia/materia_mostrar_proc?cod_materia=8863\"><b>IND 897/2018 - Indica\u00e7\u00e3o</b></a><br /> <b>Protocolo:</b>\u00a03656/2018\u00a0<br /> <b>Autor:</b>\u00a0Renato Bahena</p>\r\n<p style=\"text-align: justify; \">\u201cINDICA AO SENHOR PREFEITO PARA QUE DETERMINE AOS \u00d3RG\u00c3OS COMPETENTES DA MUNICIPALIDADE, QUE REALIZEM OPERA\u00c7\u00c3O TAPA BURACO FRENTE \u00c0 ROTAT\u00d3RIA DO JARDIM BANDEIRANTES, SENTIDO IFPR.\"</p>\r\n<p style=\"text-align: justify; \">\u00a0</p>\r\n<p style=\"text-align: justify; \"><b>43</b>\u00a0-\u00a0<a href=\"https://sapl.telemacoborba.pr.leg.br/consultas/materia/materia_mostrar_proc?cod_materia=8827\"><b>REQ 136/2018 - Requerimento</b></a><br /> <b>Protocolo:</b>\u00a03628/2018\u00a0<br /> <b>Autor:</b>\u00a0Elisangela Rezende Saldivar</p>\r\n<p style=\"text-align: justify; \">\u201cREQUER DO SENHOR PREFEITO MUNICIPAL, QUE REMETA A ESTA CASA DE LEIS, NO PRAZO QUE A LEI LHE CONFERE, AS SEGUINTES INFORMA\u00c7\u00d5ES: 1) EXISTEM ESTUDOS SOBRE RECAPE COM LAMA ASF\u00c1LTICA PARA VIAS P\u00daBLICAS DO BAIRRO PARQUE LIMEIRA \u00c1REA 2? 2) EM CASO AFIRMATIVO, QUANDO INICIAR\u00c3O AS MELHORIAS DAS VIAS NO REFERIDO BAIRRO? 3) QUAIS AS RUAS QUE TER\u00c3O OS SERVI\u00c7OS REALIZADOS? RELACIONAR AS RUAS\u201d.</p>\r\n<p style=\"text-align: justify; \">\u00a0</p>\r\n<p style=\"text-align: justify; \"><b>44</b>\u00a0-\u00a0<a href=\"https://sapl.telemacoborba.pr.leg.br/consultas/materia/materia_mostrar_proc?cod_materia=8829\"><b>REQ 137/2018 - Requerimento</b></a><br /> <b>Protocolo:</b>\u00a03669/2018\u00a0<br /> <b>Autor:</b>\u00a0\u00c9lio Cezar Alves dos Santos</p>\r\n<p style=\"text-align: justify; \">\"REQUER DO SENHOR PREFEITO MUNICIPAL QUE INFORME A ESTA CASA DE LEIS, NO PRAZO QUE A LEI LHE CONFERE AS SEGUINTES INFORMA\u00c7\u00d5ES REFERENTES AS REFEI\u00c7\u00d5ES SERVIDAS AOS FUNCION\u00c1RIOS DA PREFEITURA: 1) AL\u00c9M DE RESTAURANTE PR\u00d3PRIO, EXISTE MAIS ALGUM RESTAURANTE FORNECENDO REFEI\u00c7\u00d5ES, PARA FUNCION\u00c1RIOS DA PREFEITURA? 2) SE EXISTE, QUAIS S\u00c3O ELES? 3) QUANTAS REFEI\u00c7\u00d5ES S\u00c3O SERVIDAS POR M\u00caS A ESTES FUNCION\u00c1RIOS? 4) QUAIS OS SETORES QUE EST\u00c3O RECEBENDO ESTES MARMITEX? 5) QUAL O CUSTO MENSAL? 6) QUAIS OS CRIT\u00c9RIO USADOS PARA A CONTRATA\u00c7\u00c3O?\".</p>\r\n<p style=\"text-align: justify; \">\u00a0</p>\r\n<p style=\"text-align: justify; \"><b>45</b>\u00a0-\u00a0<a href=\"https://sapl.telemacoborba.pr.leg.br/consultas/materia/materia_mostrar_proc?cod_materia=8831\"><b>REQ 138/2018 - Requerimento</b></a><br /> <b>Protocolo:</b>\u00a03672/2018\u00a0<br /> <b>Autor:</b>\u00a0\u00c9lio Cezar Alves dos Santos</p>\r\n<p style=\"text-align: justify; \">\"REQUER DO SENHOR PREFEITO MUNICIPAL QUE INFORME A ESTA CASA DE LEIS, NO PRAZO QUE A LEI LHE CONFERE AS SEGUINTES INFORMA\u00c7\u00d5ES REFERENTES A LANCHES: 1) EXISTE ALGUM ESTABELECIMENTO COMERCIAL FORNECENDO LANCHES PARA O PESSOAL DA PREFEITURA? EX: COXINHAS, X-SALADA E OUTROS; 2) SE EXISTE, QUAIS S\u00c3O ELES? 3) QUAL A QUANTIDADE CONSUMIDA? 4) ESTES LANCHES S\u00c3O CONSUMIDOS EM EVENTOS AOS FUNCION\u00c1RIOS? 5) QUAL O CUSTO MENSAL? 6) QUAIS OS CRIT\u00c9RIO USADOS PARA A CONTRATA\u00c7\u00c3O DESTES ESTABELECIMENTOS?\".</p>\r\n<p style=\"text-align: justify; \">\u00a0</p>\r\n<p>\u00a0</p>", "author_name": "", "version": "1.0", "author_url": "https://www.telemacoborba.pr.leg.br/author/elias", "provider_name": "C\u00e2mara Municipal de Tel\u00eamaco Borba", "type": "rich"}