{"provider_url": "https://www.telemacoborba.pr.leg.br", "title": "Pauta da Sess\u00e3o Ordin\u00e1ria 11-11-2019", "html": "<h3></h3>\r\n<h3></h3>\r\n<p>\u00a0</p>\r\n<h3><a href=\"https://sapl.telemacoborba.pr.leg.br/relatorios/pauta-sessao/440/\">Impress\u00e3o PDF</a></h3>\r\n<h3>\u00a0</h3>\r\n<h3></h3>\r\n<h3><a class=\"external-link\" href=\"https://sapl.telemacoborba.pr.leg.br/sessao/pauta-sessao/440\" target=\"_self\" title=\"Pauta da Sess\u00e3o no SAPL\">Pauta no SAPL</a></h3>\r\n<h3><b><br /></b></h3>\r\n<p><b><br /></b></p>\r\n<h3><b><br /></b></h3>\r\n<h3 style=\"text-align: center; \"><b>45\u00aa Ordin\u00e1ria da 54\u00aa Sess\u00e3o Legislativa da 13\u00aa Legislatura </b></h3>\r\n<h3 style=\"text-align: center; \">\u00a0</h3>\r\n<h3 style=\"text-align: center; \"></h3>\r\n<h3 style=\"text-align: center; \">Abertura: 11/11/2019 \u2013 17h30</h3>\r\n<p>\u00a0</p>\r\n<h3>Mat\u00e9rias do Expediente</h3>\r\n<p style=\"text-align: justify; \">\u00a0</p>\r\n<p style=\"text-align: justify; \">1 - <a href=\"https://sapl.telemacoborba.pr.leg.br/materia/10473\">Projeto de Lei Ordin\u00e1ria n\u00ba 61 de 2019</a> <br /> <b>Autor</b>: Marcio Artur de Matos - Prefeito Municipal</p>\r\n<p style=\"text-align: justify; \">PROJETO DE LEI ORDIN\u00c1RIA N\u00ba 061/2019, DE INICIATIVA DO PODER EXECUTIVO, MENSAGEM N\u00ba 074 DE 05 DE NOVEMBRO DE 2019, QUE \"ALTERA ANEXOS INTEGRANTES DA LEI N\u00ba 2281 DE 11 DE OUTUBRO DE 2019 - LEI DE DIRETRIZES OR\u00c7AMENT\u00c1RIAS DO MUNIC\u00cdPIO DE TEL\u00caMACO BORBA PARA O EXERC\u00cdCIO DE 2020 E DA LEI N\u00ba 2193 DE 15/12/2017 - PLANO PLURIANUAL DO MUNIC\u00cdPIO DE 2018 \u00c0 2021\".</p>\r\n<p style=\"text-align: justify; \">\u00a0</p>\r\n<p style=\"text-align: justify; \">2 - <a href=\"https://sapl.telemacoborba.pr.leg.br/materia/10466\">Parecer n\u00ba 140 de 2019</a> <br /> <b>Autor</b>: CLJR - Comiss\u00e3o de Legisla\u00e7\u00e3o, Justi\u00e7a e Reda\u00e7\u00e3o</p>\r\n<p style=\"text-align: justify; \">Da Comiss\u00e3o de Legisla\u00e7\u00e3o, Justi\u00e7a e Reda\u00e7\u00e3o, parecer ao Projeto de Lei Complementar N\u00ba 013/2019, de iniciativa do Poder Executivo, Mensagem N\u00ba 026 de 31 de maio de 2019, que \"DISP\u00d5E SOBRE O ESTABELECIMENTO DO PLANO DE A\u00c7\u00c3O PARA FINS DE IMPLEMENTA\u00c7\u00c3O DO PLANO MUNICIPAL DE GEST\u00c3O INTEGRADA DE RES\u00cdDUOS S\u00d3LIDOS URBANOS - PMGIRS E DO PLANO INTERMUNICIPAL DE GEST\u00c3O INTEGRADA DE RES\u00cdDUOS S\u00d3LIDOS URBANOS - PIGIRS\".</p>\r\n<p style=\"text-align: justify; \">\u00a0</p>\r\n<p style=\"text-align: justify; \">3 - <a href=\"https://sapl.telemacoborba.pr.leg.br/materia/10467\">Parecer n\u00ba 141 de 2019</a> <br /> <b>Autor</b>: CLJR - Comiss\u00e3o de Legisla\u00e7\u00e3o, Justi\u00e7a e Reda\u00e7\u00e3o</p>\r\n<p style=\"text-align: justify; \">Da Comiss\u00e3o de Legisla\u00e7\u00e3o, Justi\u00e7a e Reda\u00e7\u00e3o, parecer ao Projeto de Lei Complementar N\u00ba 020/2019, de iniciativa do Poder Executivo, Mensagem N\u00ba 047 de 05 de setembro de 2019, que \"ALTERA OS INCISOS I E V DO ART. 6\u00ba, BEM COMO ACRESCENTA O PAR\u00c1GRAFO \u00daNICO AO ART. 8\u00ba DA LEI COMPLEMENTAR N\u00ba 041 DE 08 DE NOVEMBRO DE 2018 E D\u00c1 OUTRAS PROVID\u00caNCIAS\".</p>\r\n<p style=\"text-align: justify; \">\u00a0</p>\r\n<p style=\"text-align: justify; \">4 - <a href=\"https://sapl.telemacoborba.pr.leg.br/materia/10468\">Parecer n\u00ba 142 de 2019</a> <br /> <b>Autor</b>: CLJR - Comiss\u00e3o de Legisla\u00e7\u00e3o, Justi\u00e7a e Reda\u00e7\u00e3o</p>\r\n<p style=\"text-align: justify; \">Da Comiss\u00e3o de Legisla\u00e7\u00e3o, Justi\u00e7a e Reda\u00e7\u00e3o, parecer ao Projeto de Lei Complementar N\u00ba 021/2019, de iniciativa do Poder Executivo, Mensagem N\u00ba 058 de 30 de setembro de 2019, que \"AUTORIZA O PODER EXECUTIVO MUNICIPAL A PROCEDER A CONCESS\u00c3O DE DIREITO REAL DE USO DE IM\u00d3VEL P\u00daBLICO, REVOGA A LEI 2136 DE 18 DE DEZEMBRO DE 2019 E D\u00c1 OUTRAS PROVID\u00caNCIAS\".</p>\r\n<p style=\"text-align: justify; \">\u00a0</p>\r\n<p style=\"text-align: justify; \">5 - <a href=\"https://sapl.telemacoborba.pr.leg.br/materia/10469\">Parecer n\u00ba 143 de 2019</a> <br /> <b>Autor</b>: CLJR - Comiss\u00e3o de Legisla\u00e7\u00e3o, Justi\u00e7a e Reda\u00e7\u00e3o</p>\r\n<p style=\"text-align: justify; \">Da Comiss\u00e3o de Legisla\u00e7\u00e3o, Justi\u00e7a e Reda\u00e7\u00e3o, parecer ao Projeto de Lei Ordin\u00e1ria N\u00ba 048/2019, de iniciativa do Vereador Mario Cesar Marcondes, que \"INCLUI NO CALEND\u00c1RIO OFICIAL DE EVENTOS DO MUNIC\u00cdPIO DE TEL\u00caMACO BORBA O EVENTO DE CAPOEIRA BERIMBAU CHAMOU\".</p>\r\n<p style=\"text-align: justify; \">\u00a0</p>\r\n<p style=\"text-align: justify; \">6 - <a href=\"https://sapl.telemacoborba.pr.leg.br/materia/10470\">Parecer n\u00ba 144 de 2019</a> <br /> <b>Autor</b>: CLJR - Comiss\u00e3o de Legisla\u00e7\u00e3o, Justi\u00e7a e Reda\u00e7\u00e3o</p>\r\n<p style=\"text-align: justify; \">Da Comiss\u00e3o de Legisla\u00e7\u00e3o, Justi\u00e7a e Reda\u00e7\u00e3o, parecer ao Projeto de Lei Ordin\u00e1ria N\u00ba 050/2019, de iniciativa do Vereador \u00c9lio Cezar Alves dos Santos, que \"PRO\u00cdBE NO \u00c2MBITO MUNICIPAL A INAUGURA\u00c7\u00c3O DE OBRA P\u00daBLICA N\u00c3O INICIADA OU N\u00c3O CONCLU\u00cdDA E INSTITUI O 'HABITE-SE ESPECIAL DE OBRAS P\u00daBLICAS' E D\u00c1 OUTRAS PROVID\u00caNCIAS\".</p>\r\n<p style=\"text-align: justify; \">\u00a0</p>\r\n<p style=\"text-align: justify; \">7 - <a href=\"https://sapl.telemacoborba.pr.leg.br/materia/10471\">Parecer n\u00ba 145 de 2019</a> <br /> <b>Autor</b>: CEOFF - Comiss\u00e3o de Economia, Or\u00e7amento, Finan\u00e7as e Fiscaliza\u00e7\u00e3o</p>\r\n<p style=\"text-align: justify; \">Da Comiss\u00e3o de Economia, Or\u00e7amento, Finan\u00e7as e Fiscaliza\u00e7\u00e3o, parecer ao Projeto de Lei Complementar N\u00ba 013/2019, de iniciativa do Poder Executivo, Mensagem N\u00ba 026 de 31 de maio de 2019, que \"DISP\u00d5E SOBRE O ESTABELECIMENTO DO PLANO DE A\u00c7\u00c3O PARA FINS DE IMPLEMENTA\u00c7\u00c3O DO PLANO MUNICIPAL DE GEST\u00c3O INTEGRADA DE RES\u00cdDUOS S\u00d3LIDOS URBANOS - PMGIRS E DO PLANO INTERMUNICIPAL DE GEST\u00c3O INTEGRADA DE RES\u00cdDUOS S\u00d3LIDOS URBANOS - PIGIRS\".</p>\r\n<p style=\"text-align: justify; \">\u00a0</p>\r\n<p style=\"text-align: justify; \">8 - <a href=\"https://sapl.telemacoborba.pr.leg.br/materia/10472\">Indica\u00e7\u00e3o n\u00ba 887 de 2019</a> <br /> <b>Autor</b>: Cesinha</p>\r\n<p style=\"text-align: justify; \">\"INDICA AO SENHOR PREFEITO PARA QUE JUNTO AO TB TRAN REALIZE A SUBSTITUI\u00c7\u00c3O DA PLACA QUE ENCONTRA-SE COM NOME \u201cJO\u00c3O PAULO I - PARA PAPA JO\u00c3O PAULO I \u2013 BAIRRO NOSSA SENHORA DE F\u00c1TIMA\u201d.</p>\r\n<p style=\"text-align: justify; \">\u00a0</p>\r\n<p style=\"text-align: justify; \">9 - <a href=\"https://sapl.telemacoborba.pr.leg.br/materia/10474\">Indica\u00e7\u00e3o n\u00ba 888 de 2019</a> <br /> <b>Autor</b>: Cesinha</p>\r\n<p style=\"text-align: justify; \">\u201cINDICA AO SENHOR PREFEITO PARA QUE JUNTO AO \u00d3RG\u00c3O COMPETENTE REALIZE REPARO (TAPA BURACOS) NA AVENIDA MARECHAL FLORIANO PEIXOTO EM FRENTE AO 1034 \u2013 ALTO DAS OLIVEIRAS\u201d.</p>\r\n<p style=\"text-align: justify; \">\u00a0</p>\r\n<p style=\"text-align: justify; \">10 - <a href=\"https://sapl.telemacoborba.pr.leg.br/materia/10475\">Indica\u00e7\u00e3o n\u00ba 889 de 2019</a> <br /> <b>Autor</b>: Cesinha</p>\r\n<p style=\"text-align: justify; \">\u201cINDICA AO SENHOR PREFEITO PARA QUE JUNTO AO TB TRAN REALIZE UM ESTUDO PARA INSTALA\u00c7\u00c3O DE UMA LOMBADA OU REDUTOR DE VELOCIDADE NA RUA ANIBAL PEDROSO \u2013 BAIRRO NOSSA SENHORA DO PERP\u00c9TUO SOCORRO (BNH) EM FRENTE A IGREJA CONGREGA\u00c7\u00c3O CRIST\u00c3\u201d.</p>\r\n<p style=\"text-align: justify; \">\u00a0</p>\r\n<p style=\"text-align: justify; \">11 - <a href=\"https://sapl.telemacoborba.pr.leg.br/materia/10476\">Indica\u00e7\u00e3o n\u00ba 890 de 2019</a> <br /> <b>Autor</b>: Elis</p>\r\n<p style=\"text-align: justify; \">\"INDICA AO SENHOR PREFEITO QUE SOLICITE AO SETOR COMPETENTE, A POSSIBILIDADE DA REALIZA\u00c7\u00c3O DE UM CONCURSO DE BELEZA DA TERCEIRA IDADE COM A ESCOLHA DA \u201cMISS TERCEIRA IDADE E SUA INCLUS\u00c3O NO CALEND\u00c1RIO OFICIAL DE TEL\u00caMACO BORBA\u201d.</p>\r\n<p style=\"text-align: justify; \">\u00a0</p>\r\n<p style=\"text-align: justify; \">12 - <a href=\"https://sapl.telemacoborba.pr.leg.br/materia/10477\">Indica\u00e7\u00e3o n\u00ba 891 de 2019</a> <br /> <b>Autor</b>: Elis</p>\r\n<p style=\"text-align: justify; \">\"INDICA AO SENHOR PREFEITO QUE SOLICITE AO SETOR COMPETENTE, EM CAR\u00c1TER DE URG\u00caNCIA, UMA AVALIA\u00c7\u00c3O PARA A VIABILIDADE DE INSTALA\u00c7\u00c3O DE UM REDUTOR DE VELOCIDADE \u00c0 RUA MINAS GERAIS, NO BAIRRO NOSSA SENHORA DE F\u00c1TIMA\u201d.</p>\r\n<p style=\"text-align: justify; \">\u00a0</p>\r\n<p style=\"text-align: justify; \">13 - <a href=\"https://sapl.telemacoborba.pr.leg.br/materia/10478\">Indica\u00e7\u00e3o n\u00ba 892 de 2019</a> <br /> <b>Autor</b>: Elis</p>\r\n<p style=\"text-align: justify; \">\"INDICA AO SENHOR PREFEITO QUE SOLICITE AO SETOR COMPETENTE, A REALIZA\u00c7\u00c3O DE UM CONCURSO DE DESENHO COM OS ALUNOS 5\u00ba ANO DAS ESCOLAS MUNICIPAIS, PARA ILUSTRA\u00c7\u00c3O DOS CARN\u00caS DE IPTU, COM O TEMA A\u00c7\u00d5ES QUE CONTRIBUEM PARA UMA TEL\u00caMACO BORBA MELHOR\u201d.</p>\r\n<p style=\"text-align: justify; \">\u00a0</p>\r\n<p style=\"text-align: justify; \">14 - <a href=\"https://sapl.telemacoborba.pr.leg.br/materia/10479\">Indica\u00e7\u00e3o n\u00ba 893 de 2019</a> <br /> <b>Autor</b>: Ezequiel Betim</p>\r\n<p style=\"text-align: justify; \">\"INDICA AO SENHOR PREFEITO JUNTO AOS \u00d3RG\u00c3OS COMPETENTES , QUE SEJA FEITO UM ESTUDO PARA REFORMA DO PONTO DE \u00d4NIBUS LOCALIZADO NA RUA PINHAL BONITO ESQUINA COM A RUA BARRO PRETO, NO BAIRRO \u00c1REA 2.\"</p>\r\n<p style=\"text-align: justify; \">\u00a0</p>\r\n<p style=\"text-align: justify; \">15 - <a href=\"https://sapl.telemacoborba.pr.leg.br/materia/10482\">Indica\u00e7\u00e3o n\u00ba 894 de 2019</a> <br /> <b>Autor</b>: Ezequiel Betim</p>\r\n<p style=\"text-align: justify; \">\u201cINDICA AO SENHOR PREFEITO JUNTO AOS \u00d3RG\u00c3OS COMPETENTES, (TB TRAN ) QUE FA\u00c7AM UM ESTUDO PARA QUE SEJA DEMARCADO UMA VAGA PARA A PESSOA COM DEFICI\u00caNCIA E UMA VAGA PARA IDOSO NA RUA CAMBARA PR\u00d3XIMO AO MERCADO IRAJ\u00c1.\u201d</p>\r\n<p style=\"text-align: justify; \">\u00a0</p>\r\n<p style=\"text-align: justify; \">16 - <a href=\"https://sapl.telemacoborba.pr.leg.br/materia/10483\">Indica\u00e7\u00e3o n\u00ba 895 de 2019</a> <br /> <b>Autor</b>: Marquinho</p>\r\n<p style=\"text-align: justify; \">\"INDICA AO SENHOR PREFEITO QUE OFICIE AOS SETORES ESTATAIS COMPETENTES SOLICITANDO A RECUPERA\u00c7\u00c3O E/OU REFORMA DA PASSARELA PR\u00d3XIMA \u00c0 GLASMOLD FIBRAS, NA RODOVIA PR-160\u201d.</p>\r\n<p style=\"text-align: justify; \">\u00a0</p>\r\n<p style=\"text-align: justify; \">17 - <a href=\"https://sapl.telemacoborba.pr.leg.br/materia/10484\">Indica\u00e7\u00e3o n\u00ba 896 de 2019</a> <br /> <b>Autor</b>: Marquinho</p>\r\n<p style=\"text-align: justify; \">\"INDICA AO SENHOR PREFEITO QUE DETERMINE AO SETOR COMPETENTE QUE EFETUE ESTUDO SOBRE A POSSIBILIDADE DE HOR\u00c1RIO ESPECIAL AO SERVIDOR P\u00daBLICO QUE TENHA C\u00d4NJUGE, FILHO OU DEPENDENTE COM DEFICI\u00caNCIA, NOS MOLDES DA LEI FEDERAL N\u00ba 13.370 DE 2016, QUE ALTEROU O ARTIGO 98 DA LEI 8.112/90\u201d.</p>\r\n<p style=\"text-align: justify; \">\u00a0</p>\r\n<p style=\"text-align: justify; \">18 - <a href=\"https://sapl.telemacoborba.pr.leg.br/materia/10485\">Indica\u00e7\u00e3o n\u00ba 897 de 2019</a> <br /> <b>Autor</b>: Maur\u00edcio</p>\r\n<p style=\"text-align: justify; \">\u201cINDICA AO SENHOR PREFEITO QUE SOLICITE AOS \u00d3RG\u00c3OS COMPETENTES DA MUNICIPALIDADE PARA QUE SEJA REALIZADO DIVERSAS MELHORIAS NA \u00c1REA EXISTENTE AO LADO DO CT JAIR NEVES, APLICA\u00c7\u00c3O DE LAMA ASF\u00c1LTICA, INSTALA\u00c7\u00c3O DE ACADEMIA AO AR LIVRE, PARQUE INFANTIL, COLOCA\u00c7\u00c3O DE BANCOS, ARBORIZA\u00c7\u00c3O E LUMIN\u00c1RIAS DE LED.\"</p>\r\n<p style=\"text-align: justify; \">\u00a0</p>\r\n<p style=\"text-align: justify; \">19 - <a href=\"https://sapl.telemacoborba.pr.leg.br/materia/10487\">Indica\u00e7\u00e3o n\u00ba 898 de 2019</a> <br /> <b>Autor</b>: Maur\u00edcio</p>\r\n<p style=\"text-align: justify; \">\u201cINDICA AO SENHOR PREFEITO QUE SOLICITE AOS \u00d3RG\u00c3OS COMPETENTES DA MUNICIPALIDADE QUE SEJA PROVIDENCIADA A SUBSTITUI\u00c7\u00c3O DA L\u00c2MPADA QUE SE ENCONTRA QUEIMADA, NO POSTE LOCALIZADO NA RUA ALTO PARAN\u00c1 EM FRENTE AO N\u00ba 210 NO BAIRRO JARDIM PROGRESSO (\u00c1REA 6).\"</p>\r\n<p style=\"text-align: justify; \">\u00a0</p>\r\n<p style=\"text-align: justify; \">20 - <a href=\"https://sapl.telemacoborba.pr.leg.br/materia/10488\">Indica\u00e7\u00e3o n\u00ba 899 de 2019</a> <br /> <b>Autor</b>: Pelanca</p>\r\n<p style=\"text-align: justify; \">\"INDICA AO SENHOR PREFEITO,QUE DETERMINE AOS \u00d3RG\u00c3OS COMPETENTES DA MUNICIPALIDADE, O ESTUDO DE IMPLANTA\u00c7\u00c3O DE UMA ROTAT\u00d3RIA ENTRE AS RUAS ISRAEL E RUA RIO BONITO \u00c1REA 7 \u201d.</p>\r\n<p style=\"text-align: justify; \">\u00a0</p>\r\n<p style=\"text-align: justify; \">21 - <a href=\"https://sapl.telemacoborba.pr.leg.br/materia/10489\">Indica\u00e7\u00e3o n\u00ba 900 de 2019</a> <br /> <b>Autor</b>: Pelanca</p>\r\n<p style=\"text-align: justify; \">\u201cINDICA AO SENHOR PREFEITO. QUE DETERMINE AOS \u00d3RG\u00c3OS COMPETENTES DA MUNICIPALIDADE, UM ESTUDO SOBRE A VIABILIDADE DE INSTALA\u00c7\u00c3O DE LOMBADAS NA AVENIDA JURUTANHI, EM FRENTE AO N\u00b0 11, BAIRRO \u00c1REA 6\u201d.</p>\r\n<p style=\"text-align: justify; \">\u00a0</p>\r\n<p style=\"text-align: justify; \">22 - <a href=\"https://sapl.telemacoborba.pr.leg.br/materia/10490\">Indica\u00e7\u00e3o n\u00ba 901 de 2019</a> <br /> <b>Autor</b>: Toto</p>\r\n<p style=\"text-align: justify; \">\"INDICA AO SENHOR PREFEITO PARA QUE DETERMINE AOS \u00d3RG\u00c3OS COMPETENTES DA MUNICIPALIDADE, QUE SEJA EFETUADA OPERA\u00c7\u00c3O TAPA-BURACOS NA RUA: DEPUTADO FABIO FANUCCHI, BAIRRO CENTRO\"</p>\r\n<p style=\"text-align: justify; \">\u00a0</p>\r\n<p style=\"text-align: justify; \">23 - <a href=\"https://sapl.telemacoborba.pr.leg.br/materia/10491\">Indica\u00e7\u00e3o n\u00ba 902 de 2019</a> <br /> <b>Autor</b>: Toto</p>\r\n<p style=\"text-align: justify; \">\"INDICA AO SENHOR PREFEITO PARA QUE DETERMINE AOS \u00d3RG\u00c3OS COMPETENTES DA MUNICIPALIDADE, QUE SEJA EFETUADA OPERA\u00c7\u00c3O TAPA-BURACOS NA RUA SATURNO PR\u00d3XIMO AO 124, BAIRRO CEM CASAS\"</p>\r\n<p style=\"text-align: justify; \">\u00a0</p>\r\n<p style=\"text-align: justify; \">\u00a0</p>\r\n<h3 style=\"text-align: justify; \">Mat\u00e9rias da Ordem do Dia</h3>\r\n<p style=\"text-align: justify; \"><b>\u00a0</b></p>\r\n<p style=\"text-align: justify; \">1 - <a href=\"https://sapl.telemacoborba.pr.leg.br/materia/9811\">Projeto de Lei Ordin\u00e1ria n\u00ba 24 de 2019</a> <br /> <b>Autor</b>: Marquinho</p>\r\n<p style=\"text-align: justify; \">PROJETO DE LEI ORDIN\u00c1RIA N\u00ba 024/2019, DE INICIATIVA DO VEREADOR ANTONIO MARCO DE ALMEIDA, QUE \"ALTERA O ARTIGO 1\u00ba DA LEI 2220, DE 08 DE AGOSTO DE 2018\".</p>\r\n<p style=\"text-align: justify; \"><strong>Situa\u00e7\u00e3o: Mat\u00e9ria Enviada p/ Ordem do Dia - Discuss\u00e3o e Vota\u00e7\u00e3o em 2\u00ba turno.</strong></p>\r\n<p style=\"text-align: justify; \">\u00a0</p>\r\n<p style=\"text-align: justify; \">2 - <a href=\"https://sapl.telemacoborba.pr.leg.br/materia/10287\">Projeto de Lei Ordin\u00e1ria n\u00ba 49 de 2019</a> <br /> <b>Autor</b>: Marcio Artur de Matos - Prefeito Municipal</p>\r\n<p style=\"text-align: justify; \">PROJETO DE LEI ORDIN\u00c1RIA N\u00ba 049/2019, DE INICIATIVA DO PODER EXECUTIVO, MENSAGEM N\u00ba 056 DE 19 DE SETEMBRO DE 2019, QUE \"AUTORIZA A ABERTURA DE CR\u00c9DITO ADICIONAL SUPLEMENTAR NA IMPORT\u00c2NCIA DE R$ 1.900.000,00\". (amplia\u00e7\u00e3o e reforma da Escola Municipal Leopoldo Mercer).</p>\r\n<p style=\"text-align: justify; \"><strong>Situa\u00e7\u00e3o: Mat\u00e9ria Enviada p/ Ordem do Dia - Discuss\u00e3o e Vota\u00e7\u00e3o em 1\u00ba turno.</strong></p>\r\n<p style=\"text-align: justify; \">\u00a0</p>", "author_name": "", "version": "1.0", "author_url": "https://www.telemacoborba.pr.leg.br/author/renan", "provider_name": "C\u00e2mara Municipal de Tel\u00eamaco Borba", "type": "rich"}