{"provider_url": "https://www.telemacoborba.pr.leg.br", "title": "Pauta da Sess\u00e3o Ordin\u00e1ria 03-02-2020", "html": "<h2></h2>\r\n<h2><a href=\"https://sapl.telemacoborba.pr.leg.br/relatorios/pauta-sessao/462/\">Pauta em PDF</a></h2>\r\n<p>\u00a0</p>\r\n<h2><a class=\"external-link\" href=\"http://Impress\u00e3o PDF  1\u00aa Ordin\u00e1ria da 55\u00aa Sess\u00e3o Legislativa da 13\u00aa Legislatura  Abertura 03\" target=\"_self\" title=\"Pauta da Sess\u00e3o no SAPL\">Pauta no SAPL</a></h2>\r\n<p style=\"text-align: justify; \"><b>\u00a0</b></p>\r\n<p style=\"text-align: justify; \"><b><br /></b></p>\r\n<h3 style=\"text-align: center; \"><b>1\u00aa Ordin\u00e1ria da 55\u00aa Sess\u00e3o Legislativa da 13\u00aa Legislatura</b></h3>\r\n<p style=\"text-align: justify; \">\u00a0</p>\r\n<h3 style=\"text-align: center; \">Abertura: 03/02/2020 \u2013 17h30</h3>\r\n<h3>\u00a0</h3>\r\n<h3>Mat\u00e9rias do Expediente</h3>\r\n<p style=\"text-align: justify; \"><b>\u00a0</b></p>\r\n<p style=\"text-align: justify; \">1 - <a href=\"https://sapl.telemacoborba.pr.leg.br/materia/10632\">Projeto de Lei Complementar n\u00ba 4 de 2020</a> <br /> <b>Autor</b>: Marcio Artur de Matos - Prefeito Municipal</p>\r\n<p style=\"text-align: justify; \">PROJETO DE LEI COMPLEMENTAR N\u00ba 004/2020, de iniciativa do Poder Executivo, Mensagem N\u00ba 007 de 27 de janeiro de 2020, que \"AUMENTA O VENCIMENTO DO QUADRO GERAL DO MAGIST\u00c9RIO EM CONFORMIDADE AO PISO NACIONAL\".</p>\r\n<p style=\"text-align: justify; \">\u00a0</p>\r\n<p style=\"text-align: justify; \">2 - <a href=\"https://sapl.telemacoborba.pr.leg.br/materia/10635\">Projeto de Lei Complementar n\u00ba 5 de 2020</a> <br /> <b>Autor</b>: Marcio Artur de Matos - Prefeito Municipal</p>\r\n<p style=\"text-align: justify; \">PROJETO DE LEI COMPLEMENTAR N\u00ba 005/2020, de iniciativa do Poder Executivo, Mensagem N\u00ba 027 de 31 de maio de 2019, que \u201cDisp\u00f5e sobre o Plano Diretor de Tel\u00eamaco Borba, estabelecendo princ\u00edpios e diretrizes para o desenvolvimento do Munic\u00edpio\u201d.</p>\r\n<p style=\"text-align: justify; \">\u00a0</p>\r\n<p style=\"text-align: justify; \">3 - <a href=\"https://sapl.telemacoborba.pr.leg.br/materia/10636\">Projeto de Lei Complementar n\u00ba 6 de 2020</a> <br /> <b>Autor</b>: Marcio Artur de Matos - Prefeito Municipal</p>\r\n<p style=\"text-align: justify; \">PROJETO DE LEI COMPLEMENTAR N\u00ba 006/2020, de iniciativa do Poder Executivo, Mensagem N\u00ba 027 de 31 de maio de 2019, \u201cAtualiza a Lei Complementar N\u00ba 1611/2007, que estabelece o Zoneamento, Uso e a Ocupa\u00e7\u00e3o do Solo na Zona Urbana e de Expans\u00e3o Urbana do Munic\u00edpio de Tel\u00eamaco Borba, e d\u00e1 outras provid\u00eancias\u201d.</p>\r\n<p style=\"text-align: justify; \">\u00a0</p>\r\n<p style=\"text-align: justify; \">4 - <a href=\"https://sapl.telemacoborba.pr.leg.br/materia/10637\">Projeto de Lei Complementar n\u00ba 7 de 2020</a> <br /> <b>Autor</b>: Marcio Artur de Matos - Prefeito Municipal</p>\r\n<p style=\"text-align: justify; \">PROJETO DE LEI COMPLEMENTAR N\u00ba 007/2020, de iniciativa do Poder Executivo, Mensagem N\u00ba 027 de 31 de maio de 2019, que \u201cDisp\u00f5e sobre a transfer\u00eancia do direito de construir de acordo com a Lei do Plano Diretor Municipal de Tel\u00eamaco Borba \u2013 PDM/TB, e d\u00e1 outras provid\u00eancias\u201d.</p>\r\n<p style=\"text-align: justify; \">\u00a0</p>\r\n<p style=\"text-align: justify; \">5 - <a href=\"https://sapl.telemacoborba.pr.leg.br/materia/10638\">Projeto de Lei Complementar n\u00ba 8 de 2020</a> <br /> <b>Autor</b>: Marcio Artur de Matos - Prefeito Municipal</p>\r\n<p style=\"text-align: justify; \">PROJETO DE LEI COMPLEMENTAR N\u00ba 008/2020, de iniciativa do Poder Executivo, Mensagem N\u00ba 027 de 31 de maio de 2019, que \u201cDisp\u00f5e sobre a outorga onerosa do direito de construir de acordo com a Lei do Plano Diretor Municipal de Tel\u00eamaco Borba \u2013 PDM/TB, e d\u00e1 outras provid\u00eancias\u201d.</p>\r\n<p style=\"text-align: justify; \">\u00a0</p>\r\n<p style=\"text-align: justify; \">6 - <a href=\"https://sapl.telemacoborba.pr.leg.br/materia/10639\">Projeto de Lei Complementar n\u00ba 9 de 2020</a> <br /> <b>Autor</b>: Marcio Artur de Matos - Prefeito Municipal</p>\r\n<p style=\"text-align: justify; \">PROJETO DE LEI COMPLEMENTAR N\u00ba 009/2020, de iniciativa do Poder Executivo, Mensagem N\u00ba 027 de 31 de maio de 2019, que \u201cInstitui o Per\u00edmetro Urbano do Munic\u00edpio de Tel\u00eamaco Borba\u201d.</p>\r\n<p style=\"text-align: justify; \">\u00a0</p>\r\n<p style=\"text-align: justify; \">7 - <a href=\"https://sapl.telemacoborba.pr.leg.br/materia/10640\">Projeto de Lei Complementar n\u00ba 10 de 2020</a> <br /> <b>Autor</b>: Marcio Artur de Matos - Prefeito Municipal</p>\r\n<p style=\"text-align: justify; \">PROJETO DE LEI COMPLEMENTAR N\u00ba 010/2020, de iniciativa do Poder Executivo, Mensagem N\u00ba 027 de 31 de maio de 2019, que \"Institui o C\u00f3digo de Obras do Munic\u00edpio de Tel\u00eamaco Borba e d\u00e1 outras provid\u00eancias relativas \u00e0s suas aplica\u00e7\u00f5es\".</p>\r\n<p style=\"text-align: justify; \">\u00a0</p>\r\n<p style=\"text-align: justify; \">8 - <a href=\"https://sapl.telemacoborba.pr.leg.br/materia/10641\">Projeto de Lei Complementar n\u00ba 11 de 2020</a> <br /> <b>Autor</b>: Marcio Artur de Matos - Prefeito Municipal</p>\r\n<p style=\"text-align: justify; \">PROJETO DE LEI COMPLEMENTAR N\u00ba 011/2020, de iniciativa do Poder Executivo, Mensagem N\u00ba 027 de 31 de maio de 2019, que \u201cDisp\u00f5e sobre o parcelamento do solo para fins urbanos no Munic\u00edpio de Tel\u00eamaco Borba e d\u00e1 outras provid\u00eancias\u201d.</p>\r\n<p style=\"text-align: justify; \">\u00a0</p>\r\n<p style=\"text-align: justify; \">9 - <a href=\"https://sapl.telemacoborba.pr.leg.br/materia/10642\">Projeto de Lei Complementar n\u00ba 12 de 2020</a> <br /> <b>Autor</b>: Marcio Artur de Matos - Prefeito Municipal</p>\r\n<p style=\"text-align: justify; \">PROJETO DE LEI COMPLEMENTAR N\u00ba 012/2020, de iniciativa do Poder Executivo, Mensagem N\u00ba 027 de 31 de maio de 2019, que \u201cInstitui o C\u00f3digo de Posturas do Munic\u00edpio de Tel\u00eamaco Borba e d\u00e1 outras provid\u00eancias\u201d.</p>\r\n<p style=\"text-align: justify; \">\u00a0</p>\r\n<p style=\"text-align: justify; \">10 - <a href=\"https://sapl.telemacoborba.pr.leg.br/materia/10643\">Projeto de Lei Complementar n\u00ba 13 de 2020</a> <br /> <b>Autor</b>: Marcio Artur de Matos - Prefeito Municipal</p>\r\n<p style=\"text-align: justify; \">PROJETO DE LEI COMPLEMENTAR N\u00ba 013/2020, de iniciativa do Poder Executivo, Mensagem N\u00ba 027 de 31 de maio de 2019, que \u201cRegulamenta o Estudo de Impacto de Vizinhan\u00e7a \u2013 EIV no Munic\u00edpio de Tel\u00eamaco Borba, estabelecendo os empreendimentos e atividades sujeitos ao Estudo e os procedimentos e metodologias para a sua elabora\u00e7\u00e3o\u201d.</p>\r\n<p style=\"text-align: justify; \">\u00a0</p>\r\n<p style=\"text-align: justify; \">11 - <a href=\"https://sapl.telemacoborba.pr.leg.br/materia/10644\">Projeto de Lei Complementar n\u00ba 14 de 2020</a> <br /> <b>Autor</b>: Marcio Artur de Matos - Prefeito Municipal</p>\r\n<p style=\"text-align: justify; \">PROJETO DE LEI COMPLEMENTAR N\u00ba 014/2020, de iniciativa do Poder Executivo, Mensagem N\u00ba 027 de 31 de maio de 2019, que \u201cInstitui o Plano de Gerenciamento Integrado de Res\u00edduos S\u00f3lidos Urbanos de Tel\u00eamaco Borba\u201d.</p>\r\n<p style=\"text-align: justify; \">\u00a0</p>\r\n<p style=\"text-align: justify; \">12 - <a href=\"https://sapl.telemacoborba.pr.leg.br/materia/10645\">Projeto de Lei Complementar n\u00ba 15 de 2020</a> <br /> <b>Autor</b>: Marcio Artur de Matos - Prefeito Municipal</p>\r\n<p style=\"text-align: justify; \">PROJETO DE LEI COMPLEMENTAR N\u00ba 015/2020, de iniciativa do Poder Executivo, Mensagem N\u00ba 027 de 31 de maio de 2019, que \"Cria o Conselho de Urbanismo e Meio Ambiente, unificando os Conselhos de Defesa e Preserva\u00e7\u00e3o Ambiental e o Conselho da Cidade\".</p>\r\n<p style=\"text-align: justify; \">\u00a0</p>\r\n<p style=\"text-align: justify; \">13 - <a href=\"https://sapl.telemacoborba.pr.leg.br/materia/10646\">Projeto de Lei Complementar n\u00ba 16 de 2020</a> <br /> <b>Autor</b>: Marcio Artur de Matos - Prefeito Municipal</p>\r\n<p style=\"text-align: justify; \">PROJETO DE LEI COMPLEMENTAR N\u00ba 016/2020, de iniciativa do Poder Executivo, Mensagem N\u00ba 028 de 31 de maio de 2019, que \u201cINSTITUI O PLANO DE MOBILIDADE DE TEL\u00caMACO BORBA, E D\u00c1 OUTRAS PROVID\u00caNCIAS\u201d.</p>\r\n<p style=\"text-align: justify; \">\u00a0</p>\r\n<p style=\"text-align: justify; \">14 - <a href=\"https://sapl.telemacoborba.pr.leg.br/materia/10647\">Projeto de Lei Complementar n\u00ba 17 de 2020</a> <br /> <b>Autor</b>: Marcio Artur de Matos - Prefeito Municipal</p>\r\n<p style=\"text-align: justify; \">PROJETO DE LEI COMPLEMENTAR N\u00ba 017/2020, de iniciativa do Poder Executivo, Mensagem N\u00ba 028 de 31 de maio de 2019, que \u201cDisp\u00f5e sobre a organiza\u00e7\u00e3o dos servi\u00e7os do Sistema de Transporte Coletivo Privado de Passageiros do Munic\u00edpio de Tel\u00eamaco Borba\u201d.</p>\r\n<p style=\"text-align: justify; \">\u00a0</p>\r\n<p style=\"text-align: justify; \">15 - <a href=\"https://sapl.telemacoborba.pr.leg.br/materia/10648\">Projeto de Lei Complementar n\u00ba 18 de 2020</a> <br /> <b>Autor</b>: Marcio Artur de Matos - Prefeito Municipal</p>\r\n<p style=\"text-align: justify; \">PROJETO DE LEI COMPLEMENTAR N\u00ba 018/2020, de iniciativa do Poder Executivo, Mensagem N\u00ba 028 de 31 de maio de 2019, que \u201cDisp\u00f5e sobre a organiza\u00e7\u00e3o dos servi\u00e7os do Sistema de Transporte Coletivo de Passageiros do Munic\u00edpio de Tel\u00eamaco Borba\u201d.</p>\r\n<p style=\"text-align: justify; \">\u00a0</p>\r\n<p style=\"text-align: justify; \">16 - <a href=\"https://sapl.telemacoborba.pr.leg.br/materia/10649\">Projeto de Lei Complementar n\u00ba 19 de 2020</a> <br /> <b>Autor</b>: Marcio Artur de Matos - Prefeito Municipal</p>\r\n<p style=\"text-align: justify; \">PROJETO DE LEI COMPLEMENTAR N\u00ba 019/2020, de iniciativa do Poder Executivo, Mensagem N\u00ba 028 de 31 de maio de 2019, que \u201cDisciplina o servi\u00e7o de carga e descarga de bens, mercadorias e servi\u00e7os na \u00e1rea central de Tel\u00eamaco Borba\u201d.</p>\r\n<p style=\"text-align: justify; \">\u00a0</p>\r\n<p style=\"text-align: justify; \">\u00a0</p>\r\n<p style=\"text-align: justify; \">17 - <a href=\"https://sapl.telemacoborba.pr.leg.br/materia/10650\">Projeto de Lei Complementar n\u00ba 20 de 2020</a> <br /> <b>Autor</b>: Marcio Artur de Matos - Prefeito Municipal</p>\r\n<p style=\"text-align: justify; \">PROJETO DE LEI COMPLEMENTAR N\u00ba 020/2020, de iniciativa do Poder Executivo, Mensagem N\u00ba 028 de 31 de maio de 2019, que \u201cDisp\u00f5e sobre o Servi\u00e7o de Transporte Escolar\u201d.</p>\r\n<p style=\"text-align: justify; \">18 - <a href=\"https://sapl.telemacoborba.pr.leg.br/materia/10633\">Projeto de Lei Ordin\u00e1ria n\u00ba 1 de 2020</a> <br /> <b>Autor</b>: Marcio Artur de Matos - Prefeito Municipal</p>\r\n<p style=\"text-align: justify; \">PROJETO DE LEI ORDIN\u00c1RIA N\u00ba 001/2020, de iniciativa do Poder Executivo, Mensagem N\u00ba 004 de 22 de janeiro de 2020, que \"AUTORIZA A ABERTURA DE CR\u00c9DITO ADICIONAL ESPECIAL NA IMPORT\u00c2NCIA DE R$ 100.031,97\". (aquisi\u00e7\u00e3o de equipamentos para o CRAS)</p>\r\n<p style=\"text-align: justify; \">\u00a0</p>\r\n<p style=\"text-align: justify; \">19 - <a href=\"https://sapl.telemacoborba.pr.leg.br/materia/10634\">Projeto de Lei Ordin\u00e1ria n\u00ba 2 de 2020</a> <br /> <b>Autor</b>: Marcio Artur de Matos - Prefeito Municipal</p>\r\n<p style=\"text-align: justify; \">PROJETO DE LEI ORDIN\u00c1RIA N\u00ba 002/2020, de iniciativa do Poder Executivo, Mensagem N\u00ba 006 de 24 de janeiro de 2020, que \"AUTORIZA A ABERTURA DE CR\u00c9DITO ADICIONAL ESPECIAL NA IMPORT\u00c2NCIA DE R$ 1.367.200,00\". (regularizar atividades do aterro sanit\u00e1rio do Munic\u00edpio)</p>\r\n<p style=\"text-align: justify; \">\u00a0</p>\r\n<p style=\"text-align: justify; \">20 - <a href=\"https://sapl.telemacoborba.pr.leg.br/materia/10651\">Projeto de Lei Ordin\u00e1ria n\u00ba 3 de 2020</a> <br /> <b>Autores</b>: Marquinho, Maur\u00edcio, Toto</p>\r\n<p style=\"text-align: justify; \">PROJETO DE LEI ORDIN\u00c1RIA N\u00ba 003/2020, de iniciativa dos Vereadores Antonio Marco de Almeida, Everton Fernando Soares e Maur\u00edcio Di\u00f3genes de Castro, que \"DISP\u00d5E SOBRE A INSTALA\u00c7\u00c3O DE EQUIPAMENTO ELIMINADOR DE AR NA TUBULA\u00c7\u00c3O DO SISTEMA DE ABASTECIMENTO DE \u00c1GUA E D\u00c1 OUTRAS PROVID\u00caNCIAS\".</p>\r\n<p style=\"text-align: justify; \">\u00a0</p>\r\n<p style=\"text-align: justify; \">21 - <a href=\"https://sapl.telemacoborba.pr.leg.br/materia/10652\">Projeto de Lei Ordin\u00e1ria n\u00ba 4 de 2020</a> <br /> <b>Autor</b>: Elis</p>\r\n<p style=\"text-align: justify; \">PROJETO DE LEI ORDIN\u00c1RIA N\u00ba 004/2020, de iniciativa da Vereadora Elisangela Rezende Saldivar , que \u201cDISP\u00d5E SOBRE A PROIBI\u00c7\u00c3O DE USO DE FOGOS DE ARTIF\u00cdCIO COM ESTAMPIDO NO MUNIC\u00cdPIO DE TEL\u00caMACO BORBA\u201d.</p>\r\n<p style=\"text-align: justify; \">\u00a0</p>\r\n<p style=\"text-align: justify; \">22 - <a href=\"https://sapl.telemacoborba.pr.leg.br/materia/10653\">Projeto de Lei Ordin\u00e1ria n\u00ba 5 de 2020</a> <br /> <b>Autores</b>: Maur\u00edcio, Fub\u00e1</p>\r\n<p style=\"text-align: justify; \">PROJETO DE LEI ORDIN\u00c1RIA N\u00ba 005/2020, de iniciativa dos Vereadores Maur\u00edcio Di\u00f3genes de Castro e \u00c9lio Cezar Alves dos Santos, que \u201cAUTORIZA O CHEFE DO PODER EXECUTIVO A PROIBIR AS EMPRESAS CONCESSION\u00c1RIAS E/OU PRESTADORAS DOS SERVI\u00c7OS P\u00daBLICOS DE ABASTECIMENTO DE \u00c1GUA E ENERGIA EL\u00c9TRICA NO MUNIC\u00cdPIO DE TEL\u00caMACO BORBA \u2013 PR, DE PROCEDER POR MOTIVO DE INADIMPL\u00caNCIA DE SEUS CLIENTES, A INTERRUP\u00c7\u00c3O, SUSPENS\u00c3O OU RESTRI\u00c7\u00c3O DO FORNECIMENTO DOS SERVI\u00c7OS, CONFORME ESPECIFICA E D\u00c1 OUTRAS PROVID\u00caNCIAS\u201d.</p>\r\n<p style=\"text-align: justify; \">\u00a0</p>\r\n<p style=\"text-align: justify; \">23 - <a href=\"https://sapl.telemacoborba.pr.leg.br/materia/10654\">Projeto de Lei Ordin\u00e1ria n\u00ba 6 de 2020</a> <br /> <b>Autor</b>: Jap\u00e3o</p>\r\n<p style=\"text-align: justify; \">PROJETO DE LEI ORDIN\u00c1RIA N\u00ba 006/2020, de iniciativa do Vereador Anderson Antunes, que \"INSTITUI NO CALEND\u00c1RIO OFICIAL DO MUNIC\u00cdPIO DE TEL\u00caMACO BORBA A DATA DE 08 DE NOVEMBRO PARA COMEMORAR O DIA DO TRILHEIRO\".</p>\r\n<p style=\"text-align: justify; \">\u00a0</p>\r\n<p style=\"text-align: justify; \">24 - <a href=\"https://sapl.telemacoborba.pr.leg.br/materia/10655\">Projeto de Lei Ordin\u00e1ria n\u00ba 7 de 2020</a> <br /> <b>Autor</b>: Jap\u00e3o</p>\r\n<p style=\"text-align: justify; \">PROJETO DE LEI ORDIN\u00c1RIA N\u00ba 007/2020, de iniciativa do Vereador Anderson Antunes, que \"INSTITUI NO CALEND\u00c1RIO OFICIAL DO MUNIC\u00cdPIO DE TEL\u00caMACO BORBA O \u00daLTIMO DOMINGO DO M\u00caS DE JULHO PARA COMEMORAR O DIA DO MOTOCROSS\".</p>\r\n<p style=\"text-align: justify; \">\u00a0</p>\r\n<p style=\"text-align: justify; \">25 - <a href=\"https://sapl.telemacoborba.pr.leg.br/materia/10656\">Projeto de Lei Ordin\u00e1ria n\u00ba 8 de 2020</a> <br /> <b>Autor</b>: Jap\u00e3o</p>\r\n<p style=\"text-align: justify; \">PROJETO DE LEI ORDIN\u00c1RIA N\u00ba 008/2020, de iniciativa do Vereador Anderson Antunes, que \u201cINSTITUI NO CALEND\u00c1RIO OFICIAL DO MUNIC\u00cdPIO DE TEL\u00caMACO BORBA NO DIA 21 DO M\u00caS DE MAR\u00c7O PARA COMEMORAR O DIA DO VELOCROSS\u201d.</p>\r\n<p style=\"text-align: justify; \">\u00a0</p>\r\n<p style=\"text-align: justify; \">26 - <a href=\"https://sapl.telemacoborba.pr.leg.br/materia/10657\">Projeto de Lei Ordin\u00e1ria n\u00ba 9 de 2020</a> <br /> <b>Autor</b>: Jap\u00e3o</p>\r\n<p style=\"text-align: justify; \">PROJETO DE LEI ORDIN\u00c1RIA N\u00ba 009/2020, de iniciativa do Vereador Anderson Antunes, que \u201cDISP\u00d5E SOBRE A OBRIGATORIEDADE DE QUE 5% (CINCO POR CENTO) DA TOTALIDADE DOS CARRINHOS DE COMPRA DOS SUPERMERCADOS E ESTABELECIMENTOS SIMILARES SEJAM ADAPTADOS PARA PESSOAS COM DEFICI\u00caNCIA E TAMB\u00c9M \u00c0S PESSOAS DIAGNOSTICADAS COM O TRANSTORNO DO ESPECTRO AUTISTA\u201d.</p>\r\n<p style=\"text-align: justify; \">\u00a0</p>\r\n<p style=\"text-align: justify; \">27 - <a href=\"https://sapl.telemacoborba.pr.leg.br/materia/10659\">Indica\u00e7\u00e3o n\u00ba 1 de 2020</a> <br /> <b>Autor</b>: Cesinha</p>\r\n<p style=\"text-align: justify; \">\u201cINDICA AO SENHOR PREFEITO QUE JUNTO A COPEL REALIZE UM ESTUDO PARA EXTENS\u00c3O DE REDE DE ENERGIA EL\u00c9TRICA PARA A RUA AB N\u00ba 10 BELA VISTA\u201d.</p>\r\n<p style=\"text-align: justify; \">\u00a0</p>\r\n<p style=\"text-align: justify; \">28 - <a href=\"https://sapl.telemacoborba.pr.leg.br/materia/10660\">Indica\u00e7\u00e3o n\u00ba 2 de 2020</a> <br /> <b>Autor</b>: Cesinha</p>\r\n<p style=\"text-align: justify; \">\u201cINDICA AO SENHOR PREFEITO PARA QUE JUNTO AO \u00d3RG\u00c3O COMPETENTE REALIZE INSTALA\u00c7\u00c3O DE POSTE E LUMIN\u00c1RIAS A PARTIR DO VIADUTO AT\u00c9 A PONTO DO RIO TIBAGI\u201d.</p>\r\n<p style=\"text-align: justify; \">\u00a0</p>\r\n<p style=\"text-align: justify; \">29 - <a href=\"https://sapl.telemacoborba.pr.leg.br/materia/10661\">Indica\u00e7\u00e3o n\u00ba 3 de 2020</a> <br /> <b>Autor</b>: Cesinha</p>\r\n<p style=\"text-align: justify; \">\u201cINDICA AO SENHOR PREFEITO PARA QUE JUNTO AO TB TRAN REALIZE UM ESTUDO PARA TORNAR M\u00c3O \u00daNICA A RUA MOINHO VELHO \u2013 PARQUE LIMEIRA \u00c1REA 2\u201d.</p>\r\n<p style=\"text-align: justify; \">\u00a0</p>\r\n<p style=\"text-align: justify; \">30 - <a href=\"https://sapl.telemacoborba.pr.leg.br/materia/10663\">Indica\u00e7\u00e3o n\u00ba 4 de 2020</a> <br /> <b>Autor</b>: Cesinha</p>\r\n<p style=\"text-align: justify; \">\u201cINDICA AO SENHOR PREFEITO PARA QUE JUNTO AO \u00d3RG\u00c3O COMPETENTE REALIZE O SERVI\u00c7O DE COLOCA\u00c7\u00c3O DE CAL\u00c7ADAS NO PASSEIO PARA PEDESTRE NA MARGINAL ENTRE A RUA HARMONIA \u2013 PARQUE LIMEIRA \u00c1REA II E O VIADUTO\u201d.</p>\r\n<p style=\"text-align: justify; \">\u00a0</p>\r\n<p style=\"text-align: justify; \">31 - <a href=\"https://sapl.telemacoborba.pr.leg.br/materia/10664\">Indica\u00e7\u00e3o n\u00ba 5 de 2020</a> <br /> <b>Autor</b>: Cesinha</p>\r\n<p style=\"text-align: justify; \">\u201cINDICA AO SENHOR PREFEITO PARA DETERMINAR AO \u00d3RG\u00c3O COMPETENTE QUE SEJA FEITO UM ESTUDO VI\u00c1RIO NA PR-160 RODOVIA DO PAPEL PR\u00d3XIMO AO MERCADO SUPER CERTO NO TREVO DA VILA OS\u00d3RIO PARA A INSTALA\u00c7\u00c3O DE UM SEM\u00c1FORO\u201d.</p>\r\n<p style=\"text-align: justify; \">\u00a0</p>\r\n<p style=\"text-align: justify; \">32 - <a href=\"https://sapl.telemacoborba.pr.leg.br/materia/10666\">Indica\u00e7\u00e3o n\u00ba 6 de 2020</a> <br /> <b>Autor</b>: Cesinha</p>\r\n<p style=\"text-align: justify; \">\u201cINDICA AO SENHOR PREFEITO PARA QUE JUNTO AO TB TRAN REALIZE REPARO (TAPA BURACOS) NAS RUAS IBICU\u00cd E ALTO PARAN\u00c1 QUE FAZEM CONFLU\u00caNCIA COM A RUA JURUTANHI \u2013 JARDIM PROGRESSO \u00c1REA 6\u201d.</p>\r\n<p style=\"text-align: justify; \">\u00a0</p>\r\n<p style=\"text-align: justify; \">33 - <a href=\"https://sapl.telemacoborba.pr.leg.br/materia/10662\">Indica\u00e7\u00e3o n\u00ba 7 de 2020</a> <br /> <b>Autor</b>: Elis</p>\r\n<p style=\"text-align: justify; \">\"INDICA AO SENHOR PREFEITO QUE SOLICITE AO SETOR COMPETENTE, A LIMPEZA DO LOTE AO LADO DO RESIDENCIAL ATL\u00c2NTICO, NO JARDIM EUROPA\u201d.</p>\r\n<p style=\"text-align: justify; \">\u00a0</p>\r\n<p style=\"text-align: justify; \">34 - <a href=\"https://sapl.telemacoborba.pr.leg.br/materia/10665\">Indica\u00e7\u00e3o n\u00ba 8 de 2020</a> <br /> <b>Autor</b>: Elis</p>\r\n<p style=\"text-align: justify; \">\"INDICA AO SENHOR PREFEITO QUE SOLICITE AO SETOR COMPETENTE, QUE NOTIFIQUE O PROPRIET\u00c1RIO PARA QUE TOME AS DEVIDAS PROVID\u00caNCIAS QUANTO \u00c0 LIMPEZA DO TERRENO LOCALIZADO NA TRAVESSA AROEIRA, JARDIM FLORESTAL, AO LADO DO N\u00daMERO 66. CASO OS PROPRIET\u00c1RIOS N\u00c3O REALIZEM A LIMPEZA QUE O EXECUTIVO TOME AS DEVIDAS PROVID\u00caNCIAS PARA LIMPEZA E POSTERIORMENTE ENVIE COBRAN\u00c7A AO PROPRIET\u00c1RIO DOS SERVI\u00c7OS REALIZADOS\u201d.</p>\r\n<p style=\"text-align: justify; \">\u00a0</p>\r\n<p style=\"text-align: justify; \">35 - <a href=\"https://sapl.telemacoborba.pr.leg.br/materia/10668\">Indica\u00e7\u00e3o n\u00ba 9 de 2020</a> <br /> <b>Autor</b>: Elis</p>\r\n<p style=\"text-align: justify; \">\"INDICA AO SENHOR PREFEITO QUE SOLICITE AO SETOR COMPETENTE, QUE DISPONIBILIZE ACESSO A INTERNET NA PRA\u00c7A PEDRO CORT\u00caS ATRAV\u00c9S DA TB DIGITAL\u201d.</p>\r\n<p style=\"text-align: justify; \">\u00a0</p>\r\n<p style=\"text-align: justify; \">36 - <a href=\"https://sapl.telemacoborba.pr.leg.br/materia/10671\">Indica\u00e7\u00e3o n\u00ba 10 de 2020</a> <br /> <b>Autor</b>: Elis</p>\r\n<p style=\"text-align: justify; \">\"INDICA AO SENHOR PREFEITO QUE SOLICITE AO SETOR COMPETENTE, QUE DISPONIBILIZE ACESSO A INTERNET AO RESIDENCIAL ATL\u00c2NTICO ATRAV\u00c9S DO TEL\u00caMACO BORBA DIGITAL (TB Digital)\u201d.</p>\r\n<p style=\"text-align: justify; \">\u00a0</p>\r\n<p style=\"text-align: justify; \">37 - <a href=\"https://sapl.telemacoborba.pr.leg.br/materia/10672\">Indica\u00e7\u00e3o n\u00ba 11 de 2020</a> <br /> <b>Autor</b>: Elis</p>\r\n<p style=\"text-align: justify; \">\"INDICA AO SENHOR PREFEITO QUE SOLICITE AO SETOR COMPETENTE, A POSSIBILIDADE DE DOAR E INSTALAR UM PARQUINHO INFANTIL NO RESIDENCIAL ATL\u00c2NTICO, JARDIM EUROPA, DESSES QUE EST\u00c3O SENDO SUBSTITU\u00cdDOS DAS PRA\u00c7AS POR NOVOS, MAS QUE AINDA ENCONTRAM-SE EM BOM ESTADO DE USO\u201d.</p>\r\n<p style=\"text-align: justify; \">\u00a0</p>\r\n<p style=\"text-align: justify; \">38 - <a href=\"https://sapl.telemacoborba.pr.leg.br/materia/10667\">Indica\u00e7\u00e3o n\u00ba 12 de 2020</a> <br /> <b>Autor</b>: Ezequiel Betim</p>\r\n<p style=\"text-align: justify; \">\u201cINDICA AO SENHOR PREFEITO JUNTO AOS \u00d3RG\u00c3OS COMPETENTES, PARA QUE ESTUDEM A POSSIBILIDADE FAZER A REVITALIZA\u00c7\u00c3O DO VIADUTO CARLOS HUGO VOLFF VON GRAFFEN E DA PASSARELA DA VILA OS\u00d3RIO, AMBOS NA RODOVIA DO PAPEL.\"</p>\r\n<p style=\"text-align: justify; \">\u00a0</p>\r\n<p style=\"text-align: justify; \">39 - <a href=\"https://sapl.telemacoborba.pr.leg.br/materia/10669\">Indica\u00e7\u00e3o n\u00ba 13 de 2020</a> <br /> <b>Autor</b>: Ezequiel Betim</p>\r\n<p style=\"text-align: justify; \">\u201cINDICA AO SENHOR PREFEITO JUNTO AOS \u00d3RG\u00c3OS COMPETENTES, PARA QUE ESTUDEM A POSSIBILIDADE FAZER DE FAZER RECAPE ASF\u00c1LTICO NAS RUAS, RESERVA, UVARANAL, RIO MADEIRA, BAL\u00c7A NOVA ,TRAVESSA SERRADINHO, TODAS NO BAIRRO \u00c1REA 2.\"</p>\r\n<p style=\"text-align: justify; \">\u00a0</p>\r\n<p style=\"text-align: justify; \">40 - <a href=\"https://sapl.telemacoborba.pr.leg.br/materia/10670\">Indica\u00e7\u00e3o n\u00ba 14 de 2020</a> <br /> <b>Autor</b>: Ezequiel Betim</p>\r\n<p style=\"text-align: justify; \">\u201cINDICA AO SENHOR PREFEITO JUNTO AOS \u00d3RG\u00c3OS COMPETENTES, QUE SE FA\u00c7A UM ESTUDO PARA IMPLANTA\u00c7\u00c3O DE UM SEM\u00c1FORO OU FAIXA ELEVADA A FIM DE MELHORAR A SEGURAN\u00c7A NA RUA TIRADENTES ESQUINA COM A RUA ALBERTO ELERTH FILHO.\"</p>\r\n<p style=\"text-align: justify; \">\u00a0</p>\r\n<p style=\"text-align: justify; \">41 - <a href=\"https://sapl.telemacoborba.pr.leg.br/materia/10674\">Indica\u00e7\u00e3o n\u00ba 15 de 2020</a> <br /> <b>Autor</b>: Ezequiel Betim</p>\r\n<p style=\"text-align: justify; \">\u201cINDICA AO SENHOR PREFEITO JUNTO AOS \u00d3RG\u00c3OS COMPETENTES, QUE REALIZE SERVI\u00c7O DE RECAPEAMENTO COM LAMA ASF\u00c1LTICA NA RUA PROFESSORA EDITH GORDAN E NA RUA CARAMURU AMBAS NO CENTRO DA CIDADE.\"</p>\r\n<p style=\"text-align: justify; \">\u00a0</p>\r\n<p style=\"text-align: justify; \">42 - <a href=\"https://sapl.telemacoborba.pr.leg.br/materia/10673\">Indica\u00e7\u00e3o n\u00ba 16 de 2020</a> <br /> <b>Autor</b>: Fub\u00e1</p>\r\n<p style=\"text-align: justify; \">\"INDICA AO SENHOR PREFEITO QUE DETERMINE AOS \u00d3RG\u00c3OS COMPETENTES DA MUNICIPALIDADE, COLOCAR LOMBADA NA RUA CRISTAL DA ROCHA EM FRENTE AO N\u00ba 28 BAIRRO \u00c1REA 4\".</p>\r\n<p style=\"text-align: justify; \">\u00a0</p>\r\n<p style=\"text-align: justify; \">43 - <a href=\"https://sapl.telemacoborba.pr.leg.br/materia/10675\">Indica\u00e7\u00e3o n\u00ba 17 de 2020</a> <br /> <b>Autor</b>: Fub\u00e1</p>\r\n<p style=\"text-align: justify; \">\"INDICA AO SENHOR PREFEITO QUE DETERMINE AOS \u00d3RG\u00c3OS COMPETENTES DA MUNICIPALIDADE, COLOCAR LOMBADA RUA ESMERALDA, EM FRENTE AO N\u00ba 16, BAIRRO \u00c1REA 4\".</p>\r\n<p style=\"text-align: justify; \">\u00a0</p>\r\n<p style=\"text-align: justify; \">44 - <a href=\"https://sapl.telemacoborba.pr.leg.br/materia/10676\">Indica\u00e7\u00e3o n\u00ba 18 de 2020</a> <br /> <b>Autor</b>: Fub\u00e1</p>\r\n<p style=\"text-align: justify; \">\"INDICA AO SENHOR PREFEITO QUE DETERMINE AOS \u00d3RG\u00c3OS COMPETENTES DA MUNICIPALIDADE, COLOCAR TRAVESSIA ELEVADA NA RUA CORUMBA EM FRENTE AO N\u00ba 182, BAIRRO S\u00c3O JORGE\".</p>\r\n<p style=\"text-align: justify; \">\u00a0</p>\r\n<p style=\"text-align: justify; \">45 - <a href=\"https://sapl.telemacoborba.pr.leg.br/materia/10677\">Indica\u00e7\u00e3o n\u00ba 19 de 2020</a> <br /> <b>Autor</b>: Fub\u00e1</p>\r\n<p style=\"text-align: justify; \">\"INDICA AO SENHOR PREFEITO QUE DETERMINE AOS \u00d3RG\u00c3OS COMPETENTES DA MUNICIPALIDADE, EFETUAR LIMPEZA DE BUEIRO NA RUA ESMERALDA EM FRENTE AO N\u00ba 16 BAIRRO \u00c1REA 4\".</p>\r\n<p style=\"text-align: justify; \">\u00a0</p>\r\n<p style=\"text-align: justify; \">46 - <a href=\"https://sapl.telemacoborba.pr.leg.br/materia/10680\">Indica\u00e7\u00e3o n\u00ba 20 de 2020</a> <br /> <b>Autor</b>: Marquinho</p>\r\n<p style=\"text-align: justify; \">\"INDICA AO SENHOR PREFEITO QUE DETERMINE AO SETOR COMPETENTE QUE SEJA EFETUADO ESTUDO E POSTERIORMENTE INSTALADO EM UM DOS CANTEIROS OU TERRENOS P\u00daBLICOS DA ENTRADA DA CIDADE UM MONUMENTO QUE REPRESENTE A F\u00c9 DA MAIORIA DOS TELEMACOBORBENSES NO CRISTIANISMO (B\u00cdBLIA, VERS\u00cdCULO B\u00cdBLICO, ETC)\u201d.</p>\r\n<p style=\"text-align: justify; \">\u00a0</p>\r\n<p style=\"text-align: justify; \">47 - <a href=\"https://sapl.telemacoborba.pr.leg.br/materia/10681\">Indica\u00e7\u00e3o n\u00ba 21 de 2020</a> <br /> <b>Autor</b>: Marquinho</p>\r\n<p style=\"text-align: justify; \">\"INDICA AO SENHOR PREFEITO QUE DETERMINE AO SETOR COMPETENTE A CRIA\u00c7\u00c3O DE NOVO MEIO DE SOLICITA\u00c7\u00c3O DE TROCA DE L\u00c2MPADAS, VIA APLICATIVO DE MENSAGENS WHATSAPP (REITERANDO INDICA\u00c7\u00c3O DE 2018 e 2019)\u201d.</p>\r\n<p style=\"text-align: justify; \">\u00a0</p>\r\n<p style=\"text-align: justify; \">48 - <a href=\"https://sapl.telemacoborba.pr.leg.br/materia/10682\">Indica\u00e7\u00e3o n\u00ba 22 de 2020</a> <br /> <b>Autor</b>: Marquinho</p>\r\n<p style=\"text-align: justify; \">\"INDICA AO SENHOR PREFEITO QUE DETERMINE AO SETOR COMPETENTE QUE SEJA FEITO UM PROGRAMA PUBLICIT\u00c1RIO PARA INCENTIVAR AS DOA\u00c7\u00d5ES DE PARTE DO IMPOSTO DE RENDA PARA O FUNDO MUNICIPAL DA CRIAN\u00c7A E DO ADOLESCENTE DE TEL\u00caMACO BORBA\u201d.</p>\r\n<p style=\"text-align: justify; \">\u00a0</p>\r\n<p style=\"text-align: justify; \">49 - <a href=\"https://sapl.telemacoborba.pr.leg.br/materia/10683\">Indica\u00e7\u00e3o n\u00ba 23 de 2020</a> <br /> <b>Autor</b>: Marquinho</p>\r\n<p style=\"text-align: justify; \">\"INDICA AO SENHOR PREFEITO QUE DETERMINE AO SETOR COMPETENTE PARA QUE INCLUA NO PROGRAMA DE RECAPE ASF\u00c1LTICO AS RUAS DA PARTE J\u00c1 RECEBIDA PELO MUNIC\u00cdPIO DO BAIRRO RESIDENCIAL CASA BELLA, HAJA VISTA TEREM SIDO DEVIDAMENTE APROVADAS PELA LEI OR\u00c7AMENT\u00c1RIA DE 2020, SENDO AVENIDAS FIRENZE E MIL\u00c3O, BEM COMO RUAS AREZZO, BARI, BOLONHA, CAT\u00c2NIA, FERRARA, FLOREN\u00c7A, G\u00caNOVA, LATINA, MILANO, P\u00c1DUA, PALERMO, PARMA, PERUGIA, RAVENNA, SIENA, TORINO, UDINE E VERONA\u201d.</p>\r\n<p style=\"text-align: justify; \">\u00a0</p>\r\n<p style=\"text-align: justify; \">50 - <a href=\"https://sapl.telemacoborba.pr.leg.br/materia/10685\">Indica\u00e7\u00e3o n\u00ba 24 de 2020</a> <br /> <b>Autor</b>: Marquinho</p>\r\n<p style=\"text-align: justify; \">\"INDICA AO SENHOR PREFEITO QUE DETERMINE AO SETOR COMPETENTE A REALIZA\u00c7\u00c3O DE RECAPE ASF\u00c1LTICO NAS SEGUINTES RUAS: PROFESSOR JO\u00c3O C\u00c2NDIDO, NO BAIRRO MONTE BELO (MUITO ESBURACADA), E CORB\u00c9LIA NAS CEM CASAS (UMA DAS \u00daNICAS DA REDONDEZA QUE N\u00c3O RECEBEU A MELHORIA)\u201d.</p>\r\n<p style=\"text-align: justify; \">\u00a0</p>\r\n<p style=\"text-align: justify; \">51 - <a href=\"https://sapl.telemacoborba.pr.leg.br/materia/10678\">Indica\u00e7\u00e3o n\u00ba 25 de 2020</a> <br /> <b>Autor</b>: Maur\u00edcio</p>\r\n<p style=\"text-align: justify; \">\"INDICA AO SENHOR PREFEITO QUE SOLICITE AOS \u00d3RG\u00c3OS COMPETENTES DA MUNICIPALIDADE PARA QUE PROVIDENCIE A LIMPEZA E DESOBSTRU\u00c7\u00c3O DOS BUEIROS LOCALIZADOS NA RUA DOS CURI\u00d3S EM FRENTE AO N\u00ba242 E N\u00ba245 NO BAIRRO S\u00c3O SILVESTRE\".</p>\r\n<p style=\"text-align: justify; \">\u00a0</p>\r\n<p style=\"text-align: justify; \">52 - <a href=\"https://sapl.telemacoborba.pr.leg.br/materia/10679\">Indica\u00e7\u00e3o n\u00ba 26 de 2020</a> <br /> <b>Autor</b>: Maur\u00edcio</p>\r\n<p style=\"text-align: justify; \">\"INDICA AO SENHOR PREFEITO QUE SOLICITE AOS \u00d3RG\u00c3OS COMPETENTES DA MUNICIPALIDADE A REALIZA\u00c7\u00c3O DE ESTUDO PARA A CONSTRU\u00c7\u00c3O DE UMA ROTAT\u00d3RIA, OU OUTRA MEDIDA QUE SE JULGAR NECESS\u00c1RIA PARA MELHORAR O FLUXO E EVITAR ACIDENTES NO ENTRONCAMENTO DA RUA DOS FRAN\u00c7A, TRAVESSA RIO BONITO E RUA ISRAEL NO BAIRRO \u00c1GUA VERDE (\u00c1REA SETE)\".</p>\r\n<p style=\"text-align: justify; \">\u00a0</p>\r\n<p style=\"text-align: justify; \">53 - <a href=\"https://sapl.telemacoborba.pr.leg.br/materia/10684\">Indica\u00e7\u00e3o n\u00ba 27 de 2020</a> <br /> <b>Autor</b>: Maur\u00edcio</p>\r\n<p style=\"text-align: justify; \">\u201cINDICA AO SENHOR PREFEITO QUE SOLICITE AOS \u00d3RG\u00c3OS COMPETENTES DA MUNICIPALIDADE QUE REALIZE A COLOCA\u00c7\u00c3O DE GRELHA NO BUEIRO LOCALIZADO NA RUA TREMENDAL EM FRENTE AO N\u00ba 169 NO BAIRRO JARDIM PROGRESSO (\u00c1REA SEIS)\".</p>\r\n<p style=\"text-align: justify; \">\u00a0</p>\r\n<p style=\"text-align: justify; \">54 - <a href=\"https://sapl.telemacoborba.pr.leg.br/materia/10686\">Indica\u00e7\u00e3o n\u00ba 28 de 2020</a> <br /> <b>Autor</b>: Miltinho</p>\r\n<p style=\"text-align: justify; \">\"INDICA AO SENHOR PREFEITO QUE DETERMINE AO DEPARTAMENTO DE OBRAS E SERVI\u00c7OS P\u00daBLICOS QUE SEJA FEITO UM ESTUDO PARA PODA DE \u00c1RVORES QUE ESTA COMPROMETENDO OS FIOS DE ILUMINA\u00c7\u00c3O P\u00daBLICA, NA RUA SANTO ONOFRE, BAIRRO \u00c1REA III\".</p>\r\n<p style=\"text-align: justify; \">\u00a0</p>\r\n<p style=\"text-align: justify; \">55 - <a href=\"https://sapl.telemacoborba.pr.leg.br/materia/10687\">Indica\u00e7\u00e3o n\u00ba 29 de 2020</a> <br /> <b>Autor</b>: Renato Bahena</p>\r\n<p style=\"text-align: justify; \">\u201cINDICA AO SENHOR PREFEITO PARA QUE DETERMINE AOS \u00d3RG\u00c3OS COMPETENTES DA MUNICIPALIDADE EFETUAREM ESTUDO JUNTO AO TBTRAN, COM VISTAS A INSTALA\u00c7\u00c3O DE PINTURA NOS CRUZAMENTOS DA CIDADE, CHAMADAS DE \u2018CAIXAS AMARELAS\u2019, OU \u2018MARCA\u00c7\u00d5ES DE \u00c1REA DE CONFLITOS.\"</p>\r\n<p style=\"text-align: justify; \">\u00a0</p>\r\n<p style=\"text-align: justify; \">56 - <a href=\"https://sapl.telemacoborba.pr.leg.br/materia/10689\">Indica\u00e7\u00e3o n\u00ba 30 de 2020</a> <br /> <b>Autor</b>: Renato Bahena</p>\r\n<p style=\"text-align: justify; \">\u201cINDICA AO SENHOR PREFEITO PARA QUE DETERMINE AOS \u00d3RG\u00c3OS COMPETENTES DA MUNICIPALIDADE QUE PROVIDENCIEM REPARO, MANUTEN\u00c7\u00c3O E INSTALA\u00c7\u00c3O DA RESPECTIVA GRADE EM BUEIRO EXISTENTE NA ESQUINA DA AV. S\u00c3O JO\u00c3O DEL REY COM RUA JEQUITIB\u00c1, PARQUE LIMEIRA \u00c1REA 6.\u201d</p>\r\n<p style=\"text-align: justify; \">\u00a0</p>\r\n<p style=\"text-align: justify; \">57 - <a href=\"https://sapl.telemacoborba.pr.leg.br/materia/10691\">Indica\u00e7\u00e3o n\u00ba 31 de 2020</a> <br /> <b>Autor</b>: Renato Bahena</p>\r\n<p style=\"text-align: justify; \">\u201cINDICA AO SENHOR PREFEITO PARA QUE DETERMINE AOS \u00d3RG\u00c3OS COMPETENTES DA MUNICIPALIDADE QUE PROVIDENCIEM OPERA\u00c7\u00c3O TAPA-BURACOS NA RUA PALMEIRAS ESQUINA COM A RUA MANAC\u00c1, JARDIM ALEGRE.\u201d</p>\r\n<p style=\"text-align: justify; \">\u00a0</p>\r\n<p style=\"text-align: justify; \">58 - <a href=\"https://sapl.telemacoborba.pr.leg.br/materia/10692\">Indica\u00e7\u00e3o n\u00ba 32 de 2020</a> <br /> <b>Autor</b>: Renato Bahena</p>\r\n<p style=\"text-align: justify; \">\u201cINDICA AO SENHOR PREFEITO PARA QUE DETERMINE AOS \u00d3RG\u00c3OS COMPETENTES DA MUNICIPALIDADE QUE PROVIDENCIEM OPERA\u00c7\u00c3O TAPA-BURACOS NA RUA PALMEIRAS ESQUINA COM A RUA DAS ROSAS, JARDIM ALEGRE.\u201d</p>\r\n<p style=\"text-align: justify; \">\u00a0</p>\r\n<p style=\"text-align: justify; \">59 - <a href=\"https://sapl.telemacoborba.pr.leg.br/materia/10693\">Indica\u00e7\u00e3o n\u00ba 33 de 2020</a> <br /> <b>Autor</b>: Renato Bahena</p>\r\n<p style=\"text-align: justify; \">\u201cINDICA AO SENHOR PREFEITO PARA QUE DETERMINE AOS \u00d3RG\u00c3OS COMPETENTES DA MUNICIPALIDADE QUE PROVIDENCIEM PLACAS A SEREM AFIXADAS AO LONGO DO MURO DE ARRIMO DO AEROPORTO, \u00c0 RUA RIO IGUA\u00c7U, COM A INDICA\u00c7\u00c3O DE SER PROIBIDO JOGAR LIXO, EM CONFORMIDADE COM A LEI MUNICIPAL 1621/2007, NOS SEUS ART. 45 PAR\u00c1GRAFO \u00daNICO, ART. 47 INCISO V E ART. 48, HAJA VISTA RES\u00cdDUOS DE TODA ESP\u00c9CIE, SOBRETUDO LIXO DOM\u00c9STICO E RES\u00cdDUOS DE CONSTRU\u00c7\u00c3O CIVIL EST\u00c3O SENDO DEPOSITADOS NAQUELE LOCAL.\u201d</p>\r\n<p style=\"text-align: justify; \">\u00a0</p>\r\n<p style=\"text-align: justify; \">60 - <a href=\"https://sapl.telemacoborba.pr.leg.br/materia/10688\">Indica\u00e7\u00e3o n\u00ba 34 de 2020</a> <br /> <b>Autor</b>: Toto</p>\r\n<p style=\"text-align: justify; \">\"INDICA AO SENHOR PREFEITO QUE SOLICITE AOS \u00d3RG\u00c3OS COMPETENTES DA MUNICIPALIDADE QUE PROVIDENCIE LIMPEZA E DESENTUPIMENTO DE BUEIROS E COLOCA\u00c7\u00c3O DE UMA NOVA TAMPA PARA O BUEIRO LOCALIZADO NA RUA CHILE, EM FRENTE AO NUMERO 68,NO BAIRRO SOCOMIM, ONDE SE FAZ NECESS\u00c1RIO COM URG\u00caNCIA\".</p>\r\n<p style=\"text-align: justify; \">\u00a0</p>\r\n<p style=\"text-align: justify; \">61 - <a href=\"https://sapl.telemacoborba.pr.leg.br/materia/10690\">Indica\u00e7\u00e3o n\u00ba 35 de 2020</a> <br /> <b>Autor</b>: Toto</p>\r\n<p style=\"text-align: justify; \">\"INDICA AO SENHOR PREFEITO QUE ATRAV\u00c9S DOS \u00d3RG\u00c3OS COMPETENTES, SOLICITAR A CONSTRU\u00c7\u00c3O DE CAL\u00c7ADAS ( PASSEIO) NOS FUNDOS DA ESCOLA MARECHAL ARTUR DA COSTA E SILVA, NA RUA DELFIM MOREIRA\".</p>\r\n<p style=\"text-align: justify; \">\u00a0</p>\r\n<p style=\"text-align: justify; \">62 - <a href=\"https://sapl.telemacoborba.pr.leg.br/materia/10658\">Requerimento n\u00ba 1 de 2020</a> <br /> <b>Autor</b>: Miltinho</p>\r\n<p style=\"text-align: justify; \">\u201cREQUER DO SENHOR PREFEITO MUNICIPAL JUNTO COM O SETOR COMPETENTE, QUE NO PRAZO QUE A LEI DETERMINA, INFORME A ESTA CASA DE LEIS: 1) EXISTE PROGRAMA\u00c7\u00c3O PARA QUE SEJA REALIZADO MELHORIAS NA RUA SANTO ONOFRE, BAIRRO \u00c1REA III? 2) CASO POSITIVO PARA QUANDO EST\u00c1 PREVISTO? 3) CASO NEGATIVO, JUSTIFICAR O MOTIVO?\u201d.</p>\r\n<p style=\"text-align: justify; \">\u00a0</p>\r\n<p style=\"text-align: justify; \">\u00a0</p>\r\n<h3 style=\"text-align: justify; \">Mat\u00e9rias da Ordem do Dia</h3>\r\n<p style=\"text-align: justify; \"><b>\u00a0</b></p>\r\n<p style=\"text-align: justify; \">1 - <a href=\"https://sapl.telemacoborba.pr.leg.br/materia/10621\">Veto n\u00ba 1 de 2020</a> <br /> <b>Autor</b>: Marcio Artur de Matos - Prefeito Municipal</p>\r\n<p style=\"text-align: justify; \">VETO N\u00ba 001/2020, de iniciativa do Poder Executivo (Of\u00edcio N\u00ba 001/2020-GP-PGM), Veto Integral ao Projeto de Lei Ordin\u00e1ria N\u00ba 050/2019, de iniciativa do Vereador \u00c9lio Cezar Alves dos Santos, que \"PRO\u00cdBE NO \u00c2MBITO MUNICIPAL A INAUGURA\u00c7\u00c3O DE OBRA P\u00daBLICA N\u00c3O INICIADA OU N\u00c3O CONCLU\u00cdDA E INSTITUI O 'HABITE-SE ESPECIAL DE OBRAS P\u00daBLICAS' E D\u00c1 OUTRAS PROVID\u00caNCIAS\".</p>\r\n<p style=\"text-align: justify; \"><strong>Situa\u00e7\u00e3o: Mat\u00e9ria Enviada p/ Ordem do Dia-Discuss\u00e3o e Vota\u00e7\u00e3o \u00danica.</strong></p>\r\n<p style=\"text-align: justify; \">\u00a0</p>", "author_name": "", "version": "1.0", "author_url": "https://www.telemacoborba.pr.leg.br/author/renan", "provider_name": "C\u00e2mara Municipal de Tel\u00eamaco Borba", "type": "rich"}